{"id":2294,"date":"2021-02-03T11:56:00","date_gmt":"2021-02-03T11:56:00","guid":{"rendered":"http:\/\/rettungsdienst-wesseling.de\/?p=2294"},"modified":"2021-05-04T06:31:29","modified_gmt":"2021-05-04T06:31:29","slug":"hochwasserschutz-in-wesseling","status":"publish","type":"post","link":"https:\/\/feuerwehr-wesseling.de\/?p=2294","title":{"rendered":"Hochwasserschutz in Wesseling"},"content":{"rendered":"<p>&nbsp;<\/p>\r\n\r\n<p><strong>Was passiert wann in Wesseling<\/strong><\/p>\r\n<p><\/p>\r\n<p><\/p>\r\n<p><strong>Ab 11,00 m<\/strong><\/p>\r\n<p><\/p>\r\n<p><\/p>\r\n<p>mit stellenweisen \u00dcberflutungen ist zu rechnen.<\/p>\r\n<p><\/p>\r\n<p><\/p>\r\n<p><strong>10,70 m<\/strong><\/p>\r\n<p><\/p>\r\n<p><\/p>\r\n<p>Jahrhunderthochwasser 1926 und 1995<\/p>\r\n<p><\/p>\r\n<p><\/p>\r\n<p><strong>ca. 10,30 m<\/strong><\/p>\r\n<p><\/p>\r\n<p><\/p>\r\n<p>Die Dammbalkenverschl\u00fcsse an den Deichdurchl\u00e4ssen an der Rheinstra\u00dfe, im Bereich Sioniterhof und im Rheinpark werden eingebaut.<\/p>\r\n<p><\/p>\r\n<p><!--more--><\/p>\r\n<p><\/p>\r\n<p><strong>ca. 10,00 m<\/strong><\/p>\r\n<p><\/p>\r\n<p><\/p>\r\n<p>Bei steigender Tendenz tritt die \u00f6rtliche Einsatzleitung zusammen.<\/p>\r\n<p><\/p>\r\n<p><\/p>\r\n<p><strong>ca. 9,50 m<\/strong><\/p>\r\n<p><\/p>\r\n<p><\/p>\r\n<p>Der Dammbalkenverschlu\u00df bei der Hofgasse wird eingebaut.<\/p>\r\n<p><\/p>\r\n<p><\/p>\r\n<p><strong>ca. 8,30 m<\/strong><\/p>\r\n<p><\/p>\r\n<p><\/p>\r\n<p>Die Schifffahrt auf dem Rhein wird eingestellt.<\/p>\r\n<p><\/p>\r\n<p><\/p>\r\n<p><strong>ca. 8,10 m<\/strong><\/p>\r\n<p><\/p>\r\n<p><\/p>\r\n<p>Der Wirtschaftsweg Urfeld \/ Stadtbahnunterf\u00fchrung beim Wasserwerk wird gesperrt, da hier Grundwasser austritt.<\/p>\r\n<p><\/p>\r\n<p><\/p>\r\n<p><strong>ca. 7,70 m<\/strong><\/p>\r\n<p><\/p>\r\n<p><\/p>\r\n<p>Der untere Rheinpark wird \u00fcberflutet.<\/p>\r\n<p><\/p>\r\n<p><\/p>\r\n<p><strong>ca. 6,75 m<\/strong><\/p>\r\n<p><\/p>\r\n<p><\/p>\r\n<p>Der Leinpfad wird zwischen Wesseling und Urfeld \u00fcberflutet.<\/p>\r\n<p><\/p>\r\n<p><\/p>\r\n<p><strong>ca. 5,40 m<\/strong><\/p>\r\n<p><\/p>\r\n<p><\/p>\r\n<p>Die ersten Sperrschilder am Leinpfad werden aufgestellt.<\/p>\r\n<p><\/p>\r\n<p><\/p>\r\n<p>&nbsp;<\/p>\r\n<p>Der Uferweg vor der Rheinforum wird \u00fcberflutet.<\/p>\r\n<p><\/p>\r\n<p><\/p>\r\n<p><\/p>\r\n<p>&nbsp;<\/p>\r\n<p><\/p>\r\n<figure class=\"wp-block-gallery-1 is-layout-flex wp-block-gallery-is-layout-flex\">\r\n<ul>\r\n<li>\r\n<figure><img decoding=\"async\" src=\"http:\/\/rettungsdienst-wesseling.de\/wp-content\/uploads\/2021\/05\/Hochwasser830cm030221-1024x723.jpg\" alt=\"\" data-id=\"2295\" \/><\/figure>\r\n<\/li>\r\n<\/ul>\r\n<\/figure>\r\n<p><\/p>\r\n<p>&nbsp;<\/p>\r\n<p>&nbsp;<\/p>\r\n<p><\/p>\r\n<p><\/p>\r\n<p>&nbsp;<\/p>","protected":false},"excerpt":{"rendered":"<p>&nbsp; Was passiert wann in Wesseling Ab 11,00 m mit stellenweisen \u00dcberflutungen ist zu rechnen. 10,70 m Jahrhunderthochwasser 1926 und 1995 ca. 10,30 m Die Dammbalkenverschl\u00fcsse an den Deichdurchl\u00e4ssen an &#8230; <a title=\"Hochwasserschutz in Wesseling\" class=\"read-more\" href=\"https:\/\/feuerwehr-wesseling.de\/?p=2294\" aria-label=\"Mehr Informationen \u00fcber Hochwasserschutz in Wesseling\">Weiterlesen<\/a><\/p>\n","protected":false},"author":1,"featured_media":2295,"comment_status":"closed","ping_status":"open","sticky":false,"template":"","format":"standard","meta":{"_price":"","_stock":"","_tribe_ticket_header":"","_tribe_default_ticket_provider":"","_ticket_start_date":"","_ticket_end_date":"","_tribe_ticket_show_description":"","_tribe_ticket_show_not_going":false,"_tribe_ticket_use_global_stock":"","_tribe_ticket_global_stock_level":"","_global_stock_mode":"","_global_stock_cap":"","_tribe_rsvp_for_event":"","_tribe_ticket_going_count":"","_tribe_ticket_not_going_count":"","_tribe_tickets_list":"[]","_tribe_ticket_has_attendee_info_fields":false,"footnotes":""},"categories":[76],"tags":[],"class_list":["post-2294","post","type-post","status-publish","format-standard","has-post-thumbnail","hentry","category-pressemitteilung-news"],"_links":{"self":[{"href":"https:\/\/feuerwehr-wesseling.de\/index.php?rest_route=\/wp\/v2\/posts\/2294","targetHints":{"allow":["GET"]}}],"collection":[{"href":"https:\/\/feuerwehr-wesseling.de\/index.php?rest_route=\/wp\/v2\/posts"}],"about":[{"href":"https:\/\/feuerwehr-wesseling.de\/index.php?rest_route=\/wp\/v2\/types\/post"}],"author":[{"embeddable":true,"href":"https:\/\/feuerwehr-wesseling.de\/index.php?rest_route=\/wp\/v2\/users\/1"}],"replies":[{"embeddable":true,"href":"https:\/\/feuerwehr-wesseling.de\/index.php?rest_route=%2Fwp%2Fv2%2Fcomments&post=2294"}],"version-history":[{"count":7,"href":"https:\/\/feuerwehr-wesseling.de\/index.php?rest_route=\/wp\/v2\/posts\/2294\/revisions"}],"predecessor-version":[{"id":2312,"href":"https:\/\/feuerwehr-wesseling.de\/index.php?rest_route=\/wp\/v2\/posts\/2294\/revisions\/2312"}],"wp:featuredmedia":[{"embeddable":true,"href":"https:\/\/feuerwehr-wesseling.de\/index.php?rest_route=\/wp\/v2\/media\/2295"}],"wp:attachment":[{"href":"https:\/\/feuerwehr-wesseling.de\/index.php?rest_route=%2Fwp%2Fv2%2Fmedia&parent=2294"}],"wp:term":[{"taxonomy":"category","embeddable":true,"href":"https:\/\/feuerwehr-wesseling.de\/index.php?rest_route=%2Fwp%2Fv2%2Fcategories&post=2294"},{"taxonomy":"post_tag","embeddable":true,"href":"https:\/\/feuerwehr-wesseling.de\/index.php?rest_route=%2Fwp%2Fv2%2Ftags&post=2294"}],"curies":[{"name":"wp","href":"https:\/\/api.w.org\/{rel}","templated":true}]}}