{"id":2303,"date":"2020-12-05T05:54:00","date_gmt":"2020-12-05T05:54:00","guid":{"rendered":"http:\/\/rettungsdienst-wesseling.de\/?p=2303"},"modified":"2021-05-04T05:57:15","modified_gmt":"2021-05-04T05:57:15","slug":"spende-an-die-wesselinger-jugendfeuerwehr","status":"publish","type":"post","link":"https:\/\/feuerwehr-wesseling.de\/?p=2303","title":{"rendered":"Spende an die Wesselinger Jugendfeuerwehr"},"content":{"rendered":"<p>Wesseling. (wpd\/ka) Die Dorfgemeinschaft Keldenich spendet der Jugendfeuerwehr 1.500 Euro, und das trotz fehlender Einnahmen aus dem Keldenicher Weihnachtsmarkt, der traditionell \u2013 au\u00dfer in diesem Jahr &#8211; immer am zweiten Adventswochenende stattfindet. Vorsitzender Rainer Lanzrath und Kassenwartin Hannelore Feuers\u00e4nger \u00fcberreichten im Beisein von B\u00fcrgermeister Erwin Esser und dem Keldenicher Ortsb\u00fcrgermeister Paul Hambach den Spendenscheck an den Leiter der Feuerwehr Andr\u00e9 Bach und Stadtjugendfeuerwehrwart J\u00fcrgen D\u00f6rper.<\/p>\n<p><strong>\u00a0<\/strong><!--more--><\/p>\n<p>B\u00fcrgermeister Erwin Esser sprach seinen herzlichen Dank an die Dorfgemeinschaft Keldenich aus. \u201eLeider mussten wir coronabedingt alles herunterfahren. Auch die Jugendfeuerwehr lebt gerade auf Distanz untereinander. Die Kinder kommen gar nicht mehr zusammen. Deswegen ist es toll, dass wir Ihre Unterst\u00fctzung bekommen und Herr D\u00f6rper die Spende daf\u00fcr nutzen m\u00f6chte, dass die Truppe begeistert bleibt und zusammen h\u00e4lt.\u201cD\u00f6rper plant, jedem Kind aus der Jugendfeuerwehr ein kleines Pr\u00e4sent und eine Informationsmappe \u00fcber die Angebote der Jugendfeuerwehr zu \u00fcberreichen. Auf diesem Wege bleibt hoffentlich das Interesse und Engagement der Nachwuchskr\u00e4fte erhalten, sodass sie auch in der Zukunft und sp\u00e4ter als junge Erwachsene die Feuerwehr Wesseling verst\u00e4rken.<\/p>\n<p>&nbsp;<\/p>\n<p><img loading=\"lazy\" decoding=\"async\" class=\"size-full wp-image-2304 aligncenter\" src=\"http:\/\/rettungsdienst-wesseling.de\/wp-content\/uploads\/2021\/05\/201204_Jugendfeuerwehr_Spende.jpg\" alt=\"\" width=\"1200\" height=\"900\" srcset=\"https:\/\/feuerwehr-wesseling.de\/wp-content\/uploads\/2021\/05\/201204_Jugendfeuerwehr_Spende.jpg 1200w, https:\/\/feuerwehr-wesseling.de\/wp-content\/uploads\/2021\/05\/201204_Jugendfeuerwehr_Spende-300x225.jpg 300w, https:\/\/feuerwehr-wesseling.de\/wp-content\/uploads\/2021\/05\/201204_Jugendfeuerwehr_Spende-1024x768.jpg 1024w, https:\/\/feuerwehr-wesseling.de\/wp-content\/uploads\/2021\/05\/201204_Jugendfeuerwehr_Spende-250x188.jpg 250w, https:\/\/feuerwehr-wesseling.de\/wp-content\/uploads\/2021\/05\/201204_Jugendfeuerwehr_Spende-768x576.jpg 768w\" sizes=\"auto, (max-width: 1200px) 100vw, 1200px\" \/><\/p>\n","protected":false},"excerpt":{"rendered":"<p>Wesseling. (wpd\/ka) Die Dorfgemeinschaft Keldenich spendet der Jugendfeuerwehr 1.500 Euro, und das trotz fehlender Einnahmen aus dem Keldenicher Weihnachtsmarkt, der traditionell \u2013 au\u00dfer in diesem Jahr &#8211; immer am zweiten &#8230; <a title=\"Spende an die Wesselinger Jugendfeuerwehr\" class=\"read-more\" href=\"https:\/\/feuerwehr-wesseling.de\/?p=2303\" aria-label=\"Mehr Informationen \u00fcber Spende an die Wesselinger Jugendfeuerwehr\">Weiterlesen<\/a><\/p>\n","protected":false},"author":1,"featured_media":2304,"comment_status":"closed","ping_status":"open","sticky":false,"template":"","format":"standard","meta":{"_price":"","_stock":"","_tribe_ticket_header":"","_tribe_default_ticket_provider":"","_ticket_start_date":"","_ticket_end_date":"","_tribe_ticket_show_description":"","_tribe_ticket_show_not_going":false,"_tribe_ticket_use_global_stock":"","_tribe_ticket_global_stock_level":"","_global_stock_mode":"","_global_stock_cap":"","_tribe_rsvp_for_event":"","_tribe_ticket_going_count":"","_tribe_ticket_not_going_count":"","_tribe_tickets_list":"[]","_tribe_ticket_has_attendee_info_fields":false,"footnotes":""},"categories":[76],"tags":[],"class_list":["post-2303","post","type-post","status-publish","format-standard","has-post-thumbnail","hentry","category-pressemitteilung-news"],"_links":{"self":[{"href":"https:\/\/feuerwehr-wesseling.de\/index.php?rest_route=\/wp\/v2\/posts\/2303","targetHints":{"allow":["GET"]}}],"collection":[{"href":"https:\/\/feuerwehr-wesseling.de\/index.php?rest_route=\/wp\/v2\/posts"}],"about":[{"href":"https:\/\/feuerwehr-wesseling.de\/index.php?rest_route=\/wp\/v2\/types\/post"}],"author":[{"embeddable":true,"href":"https:\/\/feuerwehr-wesseling.de\/index.php?rest_route=\/wp\/v2\/users\/1"}],"replies":[{"embeddable":true,"href":"https:\/\/feuerwehr-wesseling.de\/index.php?rest_route=%2Fwp%2Fv2%2Fcomments&post=2303"}],"version-history":[{"count":1,"href":"https:\/\/feuerwehr-wesseling.de\/index.php?rest_route=\/wp\/v2\/posts\/2303\/revisions"}],"predecessor-version":[{"id":2305,"href":"https:\/\/feuerwehr-wesseling.de\/index.php?rest_route=\/wp\/v2\/posts\/2303\/revisions\/2305"}],"wp:featuredmedia":[{"embeddable":true,"href":"https:\/\/feuerwehr-wesseling.de\/index.php?rest_route=\/wp\/v2\/media\/2304"}],"wp:attachment":[{"href":"https:\/\/feuerwehr-wesseling.de\/index.php?rest_route=%2Fwp%2Fv2%2Fmedia&parent=2303"}],"wp:term":[{"taxonomy":"category","embeddable":true,"href":"https:\/\/feuerwehr-wesseling.de\/index.php?rest_route=%2Fwp%2Fv2%2Fcategories&post=2303"},{"taxonomy":"post_tag","embeddable":true,"href":"https:\/\/feuerwehr-wesseling.de\/index.php?rest_route=%2Fwp%2Fv2%2Ftags&post=2303"}],"curies":[{"name":"wp","href":"https:\/\/api.w.org\/{rel}","templated":true}]}}