{"id":2306,"date":"2020-05-23T06:25:35","date_gmt":"2020-05-23T06:25:35","guid":{"rendered":"http:\/\/rettungsdienst-wesseling.de\/?p=2306"},"modified":"2021-05-04T06:29:52","modified_gmt":"2021-05-04T06:29:52","slug":"heiliger-florian-kommt-zum-dank-zu-den-kreuzrettern","status":"publish","type":"post","link":"https:\/\/feuerwehr-wesseling.de\/?p=2306","title":{"rendered":"Heiliger Florian kommt zum Dank zu den Kreuzrettern"},"content":{"rendered":"<p>Wesseling. (wpd\/ka) Vor etwas mehr einem Jahr drohte das Triumphkreuz in der Pfarrkirche St. Germanus abzust\u00fcrzen und die Feuerwehr der Stadt Wesseling r\u00fcckte zu einem sagenumwobenen Einsatz aus. Zum Dank f\u00fcr diese besondere Bergung hat die Pfarrgemeinde der Feuerwehr nun eine Statue ihres Patrons, dem Hl. Florian, geschenkt.<\/p>\n<p>Aber was war im Fr\u00fchjahr 2019 geschehen? Eine der gro\u00dfen \u00d6sen der Halterung war gebrochen und das Kreuz direkt von unten nicht zu erreichen. Denn darunter steht der Altar. Die Feuerwehrm\u00e4nner bauten gemeinsam mit den Kollegen vom st\u00e4dtischen Hausmeister-Pool und spontaner Hilfe einer Ger\u00fcstbaufirma links und rechts vom Altar Ger\u00fcste auf und hangelten das Kreuz schlie\u00dflich von Ebene zu Ebene in Sicherheit. Der Einsatz sollte am Ende vier Stunden gedauert haben.<\/p>\n<p><!--more--><\/p>\n<hr id=\"system-readmore\" \/>\n<p>In ihrem Brief zum Geschenk sagen Pfarrer Markus Polders, Gerhard Mertens f\u00fcr den Kirchenvorstand und Elke Heider f\u00fcr den Pfarrausschuss ihren herzlichen Dank und lassen den au\u00dfergew\u00f6hnlichen Abend Revue passieren. Ein Verlust des Triumphkreuzes w\u00e4re wegen seines historischen Wertes, aber vor allem wegen der religi\u00f6sen Bedeutung f\u00fcr die Gemeinde mehr als schmerzlich gewesen. Der Hl. Florian kam jedoch nicht allein auf die Wache am Kronenweg, sondern hatte auch einige Gutscheine zum Umsetzen an einem geselligen Abend im Gep\u00e4ck.<\/p>\n<p><img loading=\"lazy\" decoding=\"async\" class=\"wp-image-2308 size-large aligncenter\" src=\"http:\/\/rettungsdienst-wesseling.de\/wp-content\/uploads\/2021\/05\/200522_Hl._Florian-768x1024.jpg\" alt=\"\" width=\"768\" height=\"1024\" srcset=\"https:\/\/feuerwehr-wesseling.de\/wp-content\/uploads\/2021\/05\/200522_Hl._Florian-768x1024.jpg 768w, https:\/\/feuerwehr-wesseling.de\/wp-content\/uploads\/2021\/05\/200522_Hl._Florian-225x300.jpg 225w, https:\/\/feuerwehr-wesseling.de\/wp-content\/uploads\/2021\/05\/200522_Hl._Florian-250x333.jpg 250w, https:\/\/feuerwehr-wesseling.de\/wp-content\/uploads\/2021\/05\/200522_Hl._Florian-1152x1536.jpg 1152w, https:\/\/feuerwehr-wesseling.de\/wp-content\/uploads\/2021\/05\/200522_Hl._Florian.jpg 1200w\" sizes=\"auto, (max-width: 768px) 100vw, 768px\" \/><\/p>\n","protected":false},"excerpt":{"rendered":"<p>Wesseling. (wpd\/ka) Vor etwas mehr einem Jahr drohte das Triumphkreuz in der Pfarrkirche St. Germanus abzust\u00fcrzen und die Feuerwehr der Stadt Wesseling r\u00fcckte zu einem sagenumwobenen Einsatz aus. Zum Dank &#8230; <a title=\"Heiliger Florian kommt zum Dank zu den Kreuzrettern\" class=\"read-more\" href=\"https:\/\/feuerwehr-wesseling.de\/?p=2306\" aria-label=\"Mehr Informationen \u00fcber Heiliger Florian kommt zum Dank zu den Kreuzrettern\">Weiterlesen<\/a><\/p>\n","protected":false},"author":1,"featured_media":2307,"comment_status":"closed","ping_status":"open","sticky":false,"template":"","format":"standard","meta":{"_price":"","_stock":"","_tribe_ticket_header":"","_tribe_default_ticket_provider":"","_ticket_start_date":"","_ticket_end_date":"","_tribe_ticket_show_description":"","_tribe_ticket_show_not_going":false,"_tribe_ticket_use_global_stock":"","_tribe_ticket_global_stock_level":"","_global_stock_mode":"","_global_stock_cap":"","_tribe_rsvp_for_event":"","_tribe_ticket_going_count":"","_tribe_ticket_not_going_count":"","_tribe_tickets_list":"[]","_tribe_ticket_has_attendee_info_fields":false,"footnotes":""},"categories":[76],"tags":[],"class_list":["post-2306","post","type-post","status-publish","format-standard","has-post-thumbnail","hentry","category-pressemitteilung-news"],"_links":{"self":[{"href":"https:\/\/feuerwehr-wesseling.de\/index.php?rest_route=\/wp\/v2\/posts\/2306","targetHints":{"allow":["GET"]}}],"collection":[{"href":"https:\/\/feuerwehr-wesseling.de\/index.php?rest_route=\/wp\/v2\/posts"}],"about":[{"href":"https:\/\/feuerwehr-wesseling.de\/index.php?rest_route=\/wp\/v2\/types\/post"}],"author":[{"embeddable":true,"href":"https:\/\/feuerwehr-wesseling.de\/index.php?rest_route=\/wp\/v2\/users\/1"}],"replies":[{"embeddable":true,"href":"https:\/\/feuerwehr-wesseling.de\/index.php?rest_route=%2Fwp%2Fv2%2Fcomments&post=2306"}],"version-history":[{"count":2,"href":"https:\/\/feuerwehr-wesseling.de\/index.php?rest_route=\/wp\/v2\/posts\/2306\/revisions"}],"predecessor-version":[{"id":2310,"href":"https:\/\/feuerwehr-wesseling.de\/index.php?rest_route=\/wp\/v2\/posts\/2306\/revisions\/2310"}],"wp:featuredmedia":[{"embeddable":true,"href":"https:\/\/feuerwehr-wesseling.de\/index.php?rest_route=\/wp\/v2\/media\/2307"}],"wp:attachment":[{"href":"https:\/\/feuerwehr-wesseling.de\/index.php?rest_route=%2Fwp%2Fv2%2Fmedia&parent=2306"}],"wp:term":[{"taxonomy":"category","embeddable":true,"href":"https:\/\/feuerwehr-wesseling.de\/index.php?rest_route=%2Fwp%2Fv2%2Fcategories&post=2306"},{"taxonomy":"post_tag","embeddable":true,"href":"https:\/\/feuerwehr-wesseling.de\/index.php?rest_route=%2Fwp%2Fv2%2Ftags&post=2306"}],"curies":[{"name":"wp","href":"https:\/\/api.w.org\/{rel}","templated":true}]}}