{"id":299,"date":"2011-01-05T12:25:32","date_gmt":"2011-01-05T12:25:32","guid":{"rendered":"http:\/\/rettungsdienst-wesseling.de\/?p=299"},"modified":"2011-01-05T12:25:32","modified_gmt":"2011-01-05T12:25:32","slug":"warnung-tannengruen-wird-zur-brandfalle","status":"publish","type":"post","link":"https:\/\/feuerwehr-wesseling.de\/?p=299","title":{"rendered":"Warnung: Tannengr\u00fcn wird zur Brandfalle"},"content":{"rendered":"<p>Berlin \u2013 W\u00e4hrend der Feiertage verbreitet er besinnliche Stimmung, im neuen Jahr ist der Weihnachtsbaum nur noch eine Brandgefahr: Der Deutsche Feuerwehrverband (DFV) appelliert, den Weihnachtsbaum aus der Wohnung zu entfernen, ehe dieser m\u00f6glicherweise in Flammen aufgeht.<\/p>\n<p>  <!--more-->  <\/p>\n<p>\u201eDie Nadelb\u00e4ume trocknen mit der Zeit aus, auch wenn sie regelm\u00e4\u00dfig gew\u00e4ssert werden&#8220;, erkl\u00e4rt DFV-Vizepr\u00e4sident Ralf Ackermann. Er r\u00e4t zur Vorsicht, wenn die Kerzen am Baum noch ein letztes Mal angez\u00fcndet werden sollen: \u201eDas Tannengr\u00fcn kann schnell zur Brandfalle werden! Verzichten Sie lieber darauf, fast ganz heruntergebrannte Kerzen nochmals zu entz\u00fcnden.&#8220;<\/p>\n<p>In vielen Gemeinden unterst\u00fctzen die Jugendfeuerwehren im Rahmen der allgemeinen Jugendarbeit sowie des Umweltschutzes die Tannenbaum-Sammelaktionen. Informationen \u00fcber Sammelorte und -zeiten liefern zumeist die \u00f6rtlichen Beh\u00f6rden.<\/p>\n<p>DFV-Pressedienst<\/p>\n","protected":false},"excerpt":{"rendered":"<p>Berlin \u2013 W\u00e4hrend der Feiertage verbreitet er besinnliche Stimmung, im neuen Jahr ist der Weihnachtsbaum nur noch eine Brandgefahr: Der Deutsche Feuerwehrverband (DFV) appelliert, den Weihnachtsbaum aus der Wohnung zu &#8230; <a title=\"Warnung: Tannengr\u00fcn wird zur Brandfalle\" class=\"read-more\" href=\"https:\/\/feuerwehr-wesseling.de\/?p=299\" aria-label=\"Mehr Informationen \u00fcber Warnung: Tannengr\u00fcn wird zur Brandfalle\">Weiterlesen<\/a><\/p>\n","protected":false},"author":1,"featured_media":0,"comment_status":"closed","ping_status":"open","sticky":false,"template":"","format":"standard","meta":{"_price":"","_stock":"","_tribe_ticket_header":"","_tribe_default_ticket_provider":"","_ticket_start_date":"","_ticket_end_date":"","_tribe_ticket_show_description":"","_tribe_ticket_show_not_going":false,"_tribe_ticket_use_global_stock":"","_tribe_ticket_global_stock_level":"","_global_stock_mode":"","_global_stock_cap":"","_tribe_rsvp_for_event":"","_tribe_ticket_going_count":"","_tribe_ticket_not_going_count":"","_tribe_tickets_list":"[]","_tribe_ticket_has_attendee_info_fields":false,"footnotes":""},"categories":[81],"tags":[],"class_list":["post-299","post","type-post","status-publish","format-standard","hentry","category-newflorianinformiert"],"_links":{"self":[{"href":"https:\/\/feuerwehr-wesseling.de\/index.php?rest_route=\/wp\/v2\/posts\/299","targetHints":{"allow":["GET"]}}],"collection":[{"href":"https:\/\/feuerwehr-wesseling.de\/index.php?rest_route=\/wp\/v2\/posts"}],"about":[{"href":"https:\/\/feuerwehr-wesseling.de\/index.php?rest_route=\/wp\/v2\/types\/post"}],"author":[{"embeddable":true,"href":"https:\/\/feuerwehr-wesseling.de\/index.php?rest_route=\/wp\/v2\/users\/1"}],"replies":[{"embeddable":true,"href":"https:\/\/feuerwehr-wesseling.de\/index.php?rest_route=%2Fwp%2Fv2%2Fcomments&post=299"}],"version-history":[{"count":0,"href":"https:\/\/feuerwehr-wesseling.de\/index.php?rest_route=\/wp\/v2\/posts\/299\/revisions"}],"wp:attachment":[{"href":"https:\/\/feuerwehr-wesseling.de\/index.php?rest_route=%2Fwp%2Fv2%2Fmedia&parent=299"}],"wp:term":[{"taxonomy":"category","embeddable":true,"href":"https:\/\/feuerwehr-wesseling.de\/index.php?rest_route=%2Fwp%2Fv2%2Fcategories&post=299"},{"taxonomy":"post_tag","embeddable":true,"href":"https:\/\/feuerwehr-wesseling.de\/index.php?rest_route=%2Fwp%2Fv2%2Ftags&post=299"}],"curies":[{"name":"wp","href":"https:\/\/api.w.org\/{rel}","templated":true}]}}