{"id":302,"date":"2010-12-27T00:00:00","date_gmt":"2010-12-27T00:00:00","guid":{"rendered":"http:\/\/rettungsdienst-wesseling.de\/?p=302"},"modified":"2010-12-27T00:00:00","modified_gmt":"2010-12-27T00:00:00","slug":"probealarm-der-hochleistungssirenen","status":"publish","type":"post","link":"https:\/\/feuerwehr-wesseling.de\/?p=302","title":{"rendered":"\u201eProbealarm der Hochleistungssirenen\u201c"},"content":{"rendered":"<p>Am Samstag, den 08.01.2011 um 12:00 Uhr wird in Wesseling eine Probealarm der Hochleistungssirenen durchgef\u00fchrt. Die Sirenen werden, wie in fast allen Nachbarkommunen ausgel\u00f6st, um sie auf ihre Funktion und Ihre Lautst\u00e4rke hin zu \u00fcberpr\u00fcfen und um die Bev\u00f6lkerung auf die Bedeutung der Sirenensignale aufmerksam zu machen.<\/p>\n<p>  <!--more-->  <\/p>\n<p>Dieser Probealarm, wird\u00a0 in Absprache mit der Stadt K\u00f6ln und der Bezirksregierung, in Zukunft viertelj\u00e4hrlich erfolgen. Das hei\u00dft, jeden ersten Samstag im Quartal wird ein Probealarm durchgef\u00fchrt.<\/p>\n<p>Hier die genauen Daten f\u00fcr 2011:<\/p>\n<p>08.01.2011<br \/>02.04.2011<br \/>02.07.2011<br \/>01.10.2011<\/p>\n<p>\u00a0<br \/>\u00a0<br \/>\u00a0<\/p>\n<p>Das erste Signal, um 12:00 Uhr wird ein einmin\u00fctiger Dauerton sein, dieser bedeutet \u201eEntwarnung\u201c. Um 12:06 Uhr erfolgt f\u00fcr eine Minute ein auf- und abschwellender Heulton, das eigentliche Warnsignal, \u201eGefahr\u201c. <br \/>Im Ernstfall bedeutet dieses, dass Fenster und T\u00fcren zu schlie\u00dfen sind, Klimaanlagen und Bel\u00fcftungen auszuschalten und das Radio (f\u00fcr Wesseling Radio Erft und WDR 2) f\u00fcr Warnhinweise einzuschalten.<\/p>\n<p>Um 12:12 Uhr wird erneut das Signal f\u00fcr \u201eEntwarnung\u201c zu h\u00f6ren sein.<\/p>\n<p>\u00a0<\/p>\n<p>\u00dcber das richtige Verhalten im Notfall informiert auch die beigef\u00fcgte Grafik.<\/p>\n<p>\u00a0<\/p>\n<p>Am Tag des Probealarms,\u00a0 Samstag, den 08.01.2011\u00a0\u00a0, steht die Feuerwehr Wesseling telefonisch unter der Rufnummer 02236\/94400 f\u00fcr Ausk\u00fcnfte zur Verf\u00fcgung.<\/p>\n","protected":false},"excerpt":{"rendered":"<p>Am Samstag, den 08.01.2011 um 12:00 Uhr wird in Wesseling eine Probealarm der Hochleistungssirenen durchgef\u00fchrt. Die Sirenen werden, wie in fast allen Nachbarkommunen ausgel\u00f6st, um sie auf ihre Funktion und &#8230; <a title=\"\u201eProbealarm der Hochleistungssirenen\u201c\" class=\"read-more\" href=\"https:\/\/feuerwehr-wesseling.de\/?p=302\" aria-label=\"Mehr Informationen \u00fcber \u201eProbealarm der Hochleistungssirenen\u201c\">Weiterlesen<\/a><\/p>\n","protected":false},"author":1,"featured_media":0,"comment_status":"closed","ping_status":"open","sticky":false,"template":"","format":"standard","meta":{"_price":"","_stock":"","_tribe_ticket_header":"","_tribe_default_ticket_provider":"","_ticket_start_date":"","_ticket_end_date":"","_tribe_ticket_show_description":"","_tribe_ticket_show_not_going":false,"_tribe_ticket_use_global_stock":"","_tribe_ticket_global_stock_level":"","_global_stock_mode":"","_global_stock_cap":"","_tribe_rsvp_for_event":"","_tribe_ticket_going_count":"","_tribe_ticket_not_going_count":"","_tribe_tickets_list":"[]","_tribe_ticket_has_attendee_info_fields":false,"footnotes":""},"categories":[76],"tags":[],"class_list":["post-302","post","type-post","status-publish","format-standard","hentry","category-pressemitteilung-news"],"_links":{"self":[{"href":"https:\/\/feuerwehr-wesseling.de\/index.php?rest_route=\/wp\/v2\/posts\/302","targetHints":{"allow":["GET"]}}],"collection":[{"href":"https:\/\/feuerwehr-wesseling.de\/index.php?rest_route=\/wp\/v2\/posts"}],"about":[{"href":"https:\/\/feuerwehr-wesseling.de\/index.php?rest_route=\/wp\/v2\/types\/post"}],"author":[{"embeddable":true,"href":"https:\/\/feuerwehr-wesseling.de\/index.php?rest_route=\/wp\/v2\/users\/1"}],"replies":[{"embeddable":true,"href":"https:\/\/feuerwehr-wesseling.de\/index.php?rest_route=%2Fwp%2Fv2%2Fcomments&post=302"}],"version-history":[{"count":0,"href":"https:\/\/feuerwehr-wesseling.de\/index.php?rest_route=\/wp\/v2\/posts\/302\/revisions"}],"wp:attachment":[{"href":"https:\/\/feuerwehr-wesseling.de\/index.php?rest_route=%2Fwp%2Fv2%2Fmedia&parent=302"}],"wp:term":[{"taxonomy":"category","embeddable":true,"href":"https:\/\/feuerwehr-wesseling.de\/index.php?rest_route=%2Fwp%2Fv2%2Fcategories&post=302"},{"taxonomy":"post_tag","embeddable":true,"href":"https:\/\/feuerwehr-wesseling.de\/index.php?rest_route=%2Fwp%2Fv2%2Ftags&post=302"}],"curies":[{"name":"wp","href":"https:\/\/api.w.org\/{rel}","templated":true}]}}