{"id":311,"date":"2008-06-18T15:27:43","date_gmt":"2008-06-18T15:27:43","guid":{"rendered":"http:\/\/rettungsdienst-wesseling.de\/?p=311"},"modified":"2008-06-18T15:27:43","modified_gmt":"2008-06-18T15:27:43","slug":"probealarm-der-sirenen","status":"publish","type":"post","link":"https:\/\/feuerwehr-wesseling.de\/?p=311","title":{"rendered":"Probealarm der Sirenen"},"content":{"rendered":"<p>Der f\u00fcr heute am Donnerstag den 18. Juni 2008&nbsp;angek\u00fcndigte Probealarm der Sirenen im Stadtgebiet Wesseling wurde durch ein \u00fcberh\u00f6htes Einsatzaufkommen der Leitstelle des Rhein Erftkreises in Kerpen&nbsp;nicht durchgef\u00fchrt. <\/p>\n<p> Die Sirenenprobe wird zu einem sp\u00e4teren Zeitpunkt durchgef\u00fchrt, wir werden Sie \u00fcber den Termin informieren.<\/p>\n","protected":false},"excerpt":{"rendered":"<p>Der f\u00fcr heute am Donnerstag den 18. Juni 2008&nbsp;angek\u00fcndigte Probealarm der Sirenen im Stadtgebiet Wesseling wurde durch ein \u00fcberh\u00f6htes Einsatzaufkommen der Leitstelle des Rhein Erftkreises in Kerpen&nbsp;nicht durchgef\u00fchrt. Die Sirenenprobe &#8230; <a title=\"Probealarm der Sirenen\" class=\"read-more\" href=\"https:\/\/feuerwehr-wesseling.de\/?p=311\" aria-label=\"Mehr Informationen \u00fcber Probealarm der Sirenen\">Weiterlesen<\/a><\/p>\n","protected":false},"author":1,"featured_media":0,"comment_status":"closed","ping_status":"open","sticky":false,"template":"","format":"standard","meta":{"_price":"","_stock":"","_tribe_ticket_header":"","_tribe_default_ticket_provider":"","_ticket_start_date":"","_ticket_end_date":"","_tribe_ticket_show_description":"","_tribe_ticket_show_not_going":false,"_tribe_ticket_use_global_stock":"","_tribe_ticket_global_stock_level":"","_global_stock_mode":"","_global_stock_cap":"","_tribe_rsvp_for_event":"","_tribe_ticket_going_count":"","_tribe_ticket_not_going_count":"","_tribe_tickets_list":"[]","_tribe_ticket_has_attendee_info_fields":false,"footnotes":""},"categories":[76],"tags":[],"class_list":["post-311","post","type-post","status-publish","format-standard","hentry","category-pressemitteilung-news"],"_links":{"self":[{"href":"https:\/\/feuerwehr-wesseling.de\/index.php?rest_route=\/wp\/v2\/posts\/311","targetHints":{"allow":["GET"]}}],"collection":[{"href":"https:\/\/feuerwehr-wesseling.de\/index.php?rest_route=\/wp\/v2\/posts"}],"about":[{"href":"https:\/\/feuerwehr-wesseling.de\/index.php?rest_route=\/wp\/v2\/types\/post"}],"author":[{"embeddable":true,"href":"https:\/\/feuerwehr-wesseling.de\/index.php?rest_route=\/wp\/v2\/users\/1"}],"replies":[{"embeddable":true,"href":"https:\/\/feuerwehr-wesseling.de\/index.php?rest_route=%2Fwp%2Fv2%2Fcomments&post=311"}],"version-history":[{"count":0,"href":"https:\/\/feuerwehr-wesseling.de\/index.php?rest_route=\/wp\/v2\/posts\/311\/revisions"}],"wp:attachment":[{"href":"https:\/\/feuerwehr-wesseling.de\/index.php?rest_route=%2Fwp%2Fv2%2Fmedia&parent=311"}],"wp:term":[{"taxonomy":"category","embeddable":true,"href":"https:\/\/feuerwehr-wesseling.de\/index.php?rest_route=%2Fwp%2Fv2%2Fcategories&post=311"},{"taxonomy":"post_tag","embeddable":true,"href":"https:\/\/feuerwehr-wesseling.de\/index.php?rest_route=%2Fwp%2Fv2%2Ftags&post=311"}],"curies":[{"name":"wp","href":"https:\/\/api.w.org\/{rel}","templated":true}]}}