{"id":357,"date":"2008-11-19T06:36:57","date_gmt":"2008-11-19T06:36:57","guid":{"rendered":"http:\/\/rettungsdienst-wesseling.de\/?p=357"},"modified":"2008-11-19T06:36:57","modified_gmt":"2008-11-19T06:36:57","slug":"mann-springt-aus-10m","status":"publish","type":"post","link":"https:\/\/feuerwehr-wesseling.de\/?p=357","title":{"rendered":"Mann springt aus 10m"},"content":{"rendered":"<p>Am fr\u00fchen Montagmorgen, um 5.08 Uhr, wurde die Feuerwehr Wesseling zu einem Einsatz in der Bonner Stra\u00dfe gerufen. <\/p>\n<p> Ein Mann hatte dort gedroht, sich von seinem Balkon in die Tiefe zu st\u00fcrzen. Als die Feuerwehr eintraf, war der Mann schon 10 Meter tief gesprungen und hatte sich lebensgef\u00e4hrlich verletzt. Nach der Stabilisierung durch den Notarzt wurde der Verletzte in die Uniklinik gebracht. W\u00e4hrend der Rettungsma\u00dfnahmen musste die Bonner Stra\u00dfe f\u00fcr knapp eine Stunde voll gesperrt werden.<\/p>\n<p> Pressemitteilung Stadt Wesseling<\/p>\n","protected":false},"excerpt":{"rendered":"<p>Am fr\u00fchen Montagmorgen, um 5.08 Uhr, wurde die Feuerwehr Wesseling zu einem Einsatz in der Bonner Stra\u00dfe gerufen. Ein Mann hatte dort gedroht, sich von seinem Balkon in die Tiefe &#8230; <a title=\"Mann springt aus 10m\" class=\"read-more\" href=\"https:\/\/feuerwehr-wesseling.de\/?p=357\" aria-label=\"Mehr Informationen \u00fcber Mann springt aus 10m\">Weiterlesen<\/a><\/p>\n","protected":false},"author":1,"featured_media":0,"comment_status":"closed","ping_status":"open","sticky":false,"template":"","format":"standard","meta":{"_price":"","_stock":"","_tribe_ticket_header":"","_tribe_default_ticket_provider":"","_ticket_start_date":"","_ticket_end_date":"","_tribe_ticket_show_description":"","_tribe_ticket_show_not_going":false,"_tribe_ticket_use_global_stock":"","_tribe_ticket_global_stock_level":"","_global_stock_mode":"","_global_stock_cap":"","_tribe_rsvp_for_event":"","_tribe_ticket_going_count":"","_tribe_ticket_not_going_count":"","_tribe_tickets_list":"[]","_tribe_ticket_has_attendee_info_fields":false,"footnotes":""},"categories":[76],"tags":[],"class_list":["post-357","post","type-post","status-publish","format-standard","hentry","category-pressemitteilung-news"],"_links":{"self":[{"href":"https:\/\/feuerwehr-wesseling.de\/index.php?rest_route=\/wp\/v2\/posts\/357","targetHints":{"allow":["GET"]}}],"collection":[{"href":"https:\/\/feuerwehr-wesseling.de\/index.php?rest_route=\/wp\/v2\/posts"}],"about":[{"href":"https:\/\/feuerwehr-wesseling.de\/index.php?rest_route=\/wp\/v2\/types\/post"}],"author":[{"embeddable":true,"href":"https:\/\/feuerwehr-wesseling.de\/index.php?rest_route=\/wp\/v2\/users\/1"}],"replies":[{"embeddable":true,"href":"https:\/\/feuerwehr-wesseling.de\/index.php?rest_route=%2Fwp%2Fv2%2Fcomments&post=357"}],"version-history":[{"count":0,"href":"https:\/\/feuerwehr-wesseling.de\/index.php?rest_route=\/wp\/v2\/posts\/357\/revisions"}],"wp:attachment":[{"href":"https:\/\/feuerwehr-wesseling.de\/index.php?rest_route=%2Fwp%2Fv2%2Fmedia&parent=357"}],"wp:term":[{"taxonomy":"category","embeddable":true,"href":"https:\/\/feuerwehr-wesseling.de\/index.php?rest_route=%2Fwp%2Fv2%2Fcategories&post=357"},{"taxonomy":"post_tag","embeddable":true,"href":"https:\/\/feuerwehr-wesseling.de\/index.php?rest_route=%2Fwp%2Fv2%2Ftags&post=357"}],"curies":[{"name":"wp","href":"https:\/\/api.w.org\/{rel}","templated":true}]}}