{"id":361,"date":"2008-11-05T17:16:18","date_gmt":"2008-11-05T17:16:18","guid":{"rendered":"http:\/\/rettungsdienst-wesseling.de\/?p=361"},"modified":"2008-11-05T17:16:18","modified_gmt":"2008-11-05T17:16:18","slug":"wohnungsbrand-in-keldenich","status":"publish","type":"post","link":"https:\/\/feuerwehr-wesseling.de\/?p=361","title":{"rendered":"Wohnungsbrand in Keldenich"},"content":{"rendered":"<p><img loading=\"lazy\" decoding=\"async\" class=\" alignleft size-full wp-image-271\" src=\"http:\/\/rettungsdienst-wesseling.de\/wp-content\/uploads\/2008\/06\/dl.gif\" border=\"0\" alt=\"dl.gif\" title=\"dl.gif\" width=\"150\" height=\"184\" style=\"margin: 5px; float: left; width: 150px; height: 184px;\" \/>Wesseling. (wpd\/ad)      Zu einem Wohnungsbrand in der K\u00e4the-Kollwitz-Stra\u00dfe in Keldenich wurde die Feuerwehr Wesseling gerufen. <\/p>\n<p> Zu sp\u00e4t hatte die Bewohnerin gemerkt, dass Rauch aus ihrem Fernseher aufstieg. Bevor sie reagieren konnte, schlugen bereits Flammen aus dem Ger\u00e4t, und es entwickelte sich eine gro\u00dfe Rauchmenge, die die gesamte Doppelhaush\u00e4lfte schnell verrauchte.  <\/p>\n<p> Die eintreffende Feuerwehr unter Leitung von Hauptbrandmeister Andreas Braun l\u00f6schte den Fernseher und das inzwischen brennende Mobiliar und entrauchte das Haus mit einem Hochleistungsl\u00fcfter. Infolge des Rauchschadens und der W\u00e4rme, die bereits den Deckenputz des Wohnzimmers gel\u00f6st hatte, bleibt das Haus vermutlich mehrere Tage unbewohnbar. <\/p>\n<p> Sch\u00f6n f\u00fcr die Helfer war anzusehen, wie zwei Nachbarinnen spontan eine Notunterkunft in ihrem Haus anboten.<\/p>\n","protected":false},"excerpt":{"rendered":"<p>Wesseling. (wpd\/ad) Zu einem Wohnungsbrand in der K\u00e4the-Kollwitz-Stra\u00dfe in Keldenich wurde die Feuerwehr Wesseling gerufen. Zu sp\u00e4t hatte die Bewohnerin gemerkt, dass Rauch aus ihrem Fernseher aufstieg. Bevor sie reagieren &#8230; <a title=\"Wohnungsbrand in Keldenich\" class=\"read-more\" href=\"https:\/\/feuerwehr-wesseling.de\/?p=361\" aria-label=\"Mehr Informationen \u00fcber Wohnungsbrand in Keldenich\">Weiterlesen<\/a><\/p>\n","protected":false},"author":1,"featured_media":271,"comment_status":"closed","ping_status":"open","sticky":false,"template":"","format":"standard","meta":{"_price":"","_stock":"","_tribe_ticket_header":"","_tribe_default_ticket_provider":"","_ticket_start_date":"","_ticket_end_date":"","_tribe_ticket_show_description":"","_tribe_ticket_show_not_going":false,"_tribe_ticket_use_global_stock":"","_tribe_ticket_global_stock_level":"","_global_stock_mode":"","_global_stock_cap":"","_tribe_rsvp_for_event":"","_tribe_ticket_going_count":"","_tribe_ticket_not_going_count":"","_tribe_tickets_list":"[]","_tribe_ticket_has_attendee_info_fields":false,"footnotes":""},"categories":[76],"tags":[],"class_list":["post-361","post","type-post","status-publish","format-standard","has-post-thumbnail","hentry","category-pressemitteilung-news"],"_links":{"self":[{"href":"https:\/\/feuerwehr-wesseling.de\/index.php?rest_route=\/wp\/v2\/posts\/361","targetHints":{"allow":["GET"]}}],"collection":[{"href":"https:\/\/feuerwehr-wesseling.de\/index.php?rest_route=\/wp\/v2\/posts"}],"about":[{"href":"https:\/\/feuerwehr-wesseling.de\/index.php?rest_route=\/wp\/v2\/types\/post"}],"author":[{"embeddable":true,"href":"https:\/\/feuerwehr-wesseling.de\/index.php?rest_route=\/wp\/v2\/users\/1"}],"replies":[{"embeddable":true,"href":"https:\/\/feuerwehr-wesseling.de\/index.php?rest_route=%2Fwp%2Fv2%2Fcomments&post=361"}],"version-history":[{"count":0,"href":"https:\/\/feuerwehr-wesseling.de\/index.php?rest_route=\/wp\/v2\/posts\/361\/revisions"}],"wp:featuredmedia":[{"embeddable":true,"href":"https:\/\/feuerwehr-wesseling.de\/index.php?rest_route=\/wp\/v2\/media\/271"}],"wp:attachment":[{"href":"https:\/\/feuerwehr-wesseling.de\/index.php?rest_route=%2Fwp%2Fv2%2Fmedia&parent=361"}],"wp:term":[{"taxonomy":"category","embeddable":true,"href":"https:\/\/feuerwehr-wesseling.de\/index.php?rest_route=%2Fwp%2Fv2%2Fcategories&post=361"},{"taxonomy":"post_tag","embeddable":true,"href":"https:\/\/feuerwehr-wesseling.de\/index.php?rest_route=%2Fwp%2Fv2%2Ftags&post=361"}],"curies":[{"name":"wp","href":"https:\/\/api.w.org\/{rel}","templated":true}]}}