{"id":364,"date":"2008-10-28T15:33:09","date_gmt":"2008-10-28T15:33:09","guid":{"rendered":"http:\/\/rettungsdienst-wesseling.de\/?p=364"},"modified":"2008-10-28T15:33:09","modified_gmt":"2008-10-28T15:33:09","slug":"kolumne-q-dank-und-anerkennung-fuer-die-feuerwehr-q","status":"publish","type":"post","link":"https:\/\/feuerwehr-wesseling.de\/?p=364","title":{"rendered":"Kolumne &#8220; Dank und Anerkennung f\u00fcr die Feuerwehr &#8222;"},"content":{"rendered":"<p>Unsere Feuerwehrleute haben Dank und Anerkennung verdient<\/p>\n<p> Liebe Mitb\u00fcrgerinnen und Mitb\u00fcrger, in der vergangenen Woche habe ich im Rheinforum zahlreiche Feuerwehrm\u00e4nner auszeichnen k\u00f6nnen, die seit 25, 35, 50 und sogar 60 Jahren der Freiwilligen Feuerwehr der Stadt Wesseling angeh\u00f6ren. Die \u00e4lteren von ihnen sind nat\u00fcrlich schon zur Ehrenabteilung der Wehr \u00fcbergewechselt. <\/p>\n<p> Wenn es brennt, wenn die technische Hilfeleistung der Wehr ben\u00f6tigt wird, wenn Menschen in Notlagen geraten, dann sind unsere Wehrm\u00e4nner &#8211; und mittlerweile auch Wehrfrauen &#8211; zur Stelle, Tag und Nacht, wochen- wie feiertags. Viele sehen das als selbstverst\u00e4ndlich an.<\/p>\n<p>  <!--more-->  <\/p>\n<p>Aber so selbstverst\u00e4ndlich ist das nicht. Unsere Feuerwehrfrauen und Feuerwehrm\u00e4nner opfern f\u00fcr diesen Einsatz ihre Freizeit. Sie \u00fcbernehmen freiwillig Aufgaben, die auch Gefahren in sich bergen und manchen schlimmen Anblick mit sich bringen. Die Eins\u00e4tze fordern jedem einzelnen viel ab. Und all dies geschieht ehrenamtlich. Hinzu kommt, dass die Anforderungen an die Feuerwehrleute in den letzten Jahren enorm gestiegen sind. Sie m\u00fcssen auf h\u00f6chst unterschiedliche Bedrohungsszenarien vorbereitet sein, sowohl von der eigenen Ausbildung als auch von der technischen Ausr\u00fcstung. Dies wiederum erfordert stetige Fortbildung, regelm\u00e4\u00dfige \u00dcbungen. All dies nat\u00fcrlich in der Freizeit: Dazu bereit zu sein, das verdient unseren Dank und unsere Anerkennung. <\/p>\n<p> Die Leistungen der Freiwilligen Feuerwehr sind unverzichtbar f\u00fcr unser Rettungswesen. Dies hat sich auch bei den Gro\u00dfeins\u00e4tzen in diesem Jahr wieder best\u00e4tigt: beim Jahrhundertregen im Juli und beim Brand des Schulschwimmbades. Es ist ein beruhigendes Gef\u00fchl zu wissen, dass sich die Menschen in dieser Stadt auf ihre Wehr verlassen k\u00f6nnen. <\/p>\n<p> Genauso freue ich mich dar\u00fcber, dass wir eine starke Jugendfeuerwehr haben. Die Jugend ist die Zukunft der Wehr: Die M\u00e4dchen und Jungen, die heute zur Jugendfeuerwehr gehen, sind oft die Einsatzleiter oder Brandmeister von morgen. <\/p>\n<p> Von dem Altbundespr\u00e4sidenten Theodor Heuss stammt das Wort: &#8222;Die Sorge und Hilfe f\u00fcr andere Menschen ist das wertvollste Kapital im Haushalt der Menschen. Und solange es noch Leute gibt, die freiwillig bereit sind, f\u00fcr andere da zu sein, ist es um diese Welt nicht allzu schlimm bestellt.&#8220; <\/p>\n<p> Ich danke unseren Feuerwehrm\u00e4nnern und Feuerwehrfrauen und w\u00fcnsche Ihnen, dass sie von jedem Einsatz wieder gesund zur\u00fcckkehren.<\/p>\n<p> Herzlichst <\/p>\n<p> Ihr <br \/> G\u00fcnter Ditgens<\/p>\n","protected":false},"excerpt":{"rendered":"<p>Unsere Feuerwehrleute haben Dank und Anerkennung verdient Liebe Mitb\u00fcrgerinnen und Mitb\u00fcrger, in der vergangenen Woche habe ich im Rheinforum zahlreiche Feuerwehrm\u00e4nner auszeichnen k\u00f6nnen, die seit 25, 35, 50 und sogar &#8230; <a title=\"Kolumne &#8220; Dank und Anerkennung f\u00fcr die Feuerwehr &#8222;\" class=\"read-more\" href=\"https:\/\/feuerwehr-wesseling.de\/?p=364\" aria-label=\"Mehr Informationen \u00fcber Kolumne &#8220; Dank und Anerkennung f\u00fcr die Feuerwehr &#8222;\">Weiterlesen<\/a><\/p>\n","protected":false},"author":1,"featured_media":0,"comment_status":"closed","ping_status":"open","sticky":false,"template":"","format":"standard","meta":{"_price":"","_stock":"","_tribe_ticket_header":"","_tribe_default_ticket_provider":"","_ticket_start_date":"","_ticket_end_date":"","_tribe_ticket_show_description":"","_tribe_ticket_show_not_going":false,"_tribe_ticket_use_global_stock":"","_tribe_ticket_global_stock_level":"","_global_stock_mode":"","_global_stock_cap":"","_tribe_rsvp_for_event":"","_tribe_ticket_going_count":"","_tribe_ticket_not_going_count":"","_tribe_tickets_list":"[]","_tribe_ticket_has_attendee_info_fields":false,"footnotes":""},"categories":[76],"tags":[],"class_list":["post-364","post","type-post","status-publish","format-standard","hentry","category-pressemitteilung-news"],"_links":{"self":[{"href":"https:\/\/feuerwehr-wesseling.de\/index.php?rest_route=\/wp\/v2\/posts\/364","targetHints":{"allow":["GET"]}}],"collection":[{"href":"https:\/\/feuerwehr-wesseling.de\/index.php?rest_route=\/wp\/v2\/posts"}],"about":[{"href":"https:\/\/feuerwehr-wesseling.de\/index.php?rest_route=\/wp\/v2\/types\/post"}],"author":[{"embeddable":true,"href":"https:\/\/feuerwehr-wesseling.de\/index.php?rest_route=\/wp\/v2\/users\/1"}],"replies":[{"embeddable":true,"href":"https:\/\/feuerwehr-wesseling.de\/index.php?rest_route=%2Fwp%2Fv2%2Fcomments&post=364"}],"version-history":[{"count":0,"href":"https:\/\/feuerwehr-wesseling.de\/index.php?rest_route=\/wp\/v2\/posts\/364\/revisions"}],"wp:attachment":[{"href":"https:\/\/feuerwehr-wesseling.de\/index.php?rest_route=%2Fwp%2Fv2%2Fmedia&parent=364"}],"wp:term":[{"taxonomy":"category","embeddable":true,"href":"https:\/\/feuerwehr-wesseling.de\/index.php?rest_route=%2Fwp%2Fv2%2Fcategories&post=364"},{"taxonomy":"post_tag","embeddable":true,"href":"https:\/\/feuerwehr-wesseling.de\/index.php?rest_route=%2Fwp%2Fv2%2Ftags&post=364"}],"curies":[{"name":"wp","href":"https:\/\/api.w.org\/{rel}","templated":true}]}}