{"id":365,"date":"2008-10-13T14:22:23","date_gmt":"2008-10-13T14:22:23","guid":{"rendered":"http:\/\/rettungsdienst-wesseling.de\/?p=365"},"modified":"2008-10-13T14:22:23","modified_gmt":"2008-10-13T14:22:23","slug":"brand-im-ehemaligen-norton-gelaende","status":"publish","type":"post","link":"https:\/\/feuerwehr-wesseling.de\/?p=365","title":{"rendered":"Brand im ehemaligen Norton-Gel\u00e4nde"},"content":{"rendered":"<p>\u00a0<\/p>\n<p>Wesseling. (wpd\/ad)\u00a0\u00a0\u00a0\u00a0\u00a0 Zu einem Brand im ehemaligen Norton-Gel\u00e4nde wurde die Feuerwehr Wesseling am Sonntagabend um 21.28 Uhr alarmiert. Passanten hatten das Feuer im 1. Obergeschoss einer leerstehenden Halle entdeckt.<\/p>\n<p class=\"MsoHeader\" style=\"line-height: 150%; text-align: justify;\">\u00a0<\/p>\n<p>Die eingesetzten Feuerwehrkr\u00e4fte \u2013 54 \u2013 hatten den Brand schnell unter Kontrolle. Bei den Aufr\u00e4umungsarbeiten wurde ein zweites Feuer ca. 100 Meter von der ersten Brandstelle im Keller bemerkt. Dieses Feuer wurde mit zwei C-Rohren durch insgesamt drei Trupps unter Atemschutz bek\u00e4mpft. Anschlie\u00dfend wurde der gesamte Keller durchsucht und bel\u00fcftet; Personen wurden hier jedoch nicht entdeckt.<\/p>\n<p> Quelle: Pressemitteilung Stadt Wesseling<\/p>\n","protected":false},"excerpt":{"rendered":"<p>\u00a0 Wesseling. (wpd\/ad)\u00a0\u00a0\u00a0\u00a0\u00a0 Zu einem Brand im ehemaligen Norton-Gel\u00e4nde wurde die Feuerwehr Wesseling am Sonntagabend um 21.28 Uhr alarmiert. Passanten hatten das Feuer im 1. Obergeschoss einer leerstehenden Halle entdeckt. &#8230; <a title=\"Brand im ehemaligen Norton-Gel\u00e4nde\" class=\"read-more\" href=\"https:\/\/feuerwehr-wesseling.de\/?p=365\" aria-label=\"Mehr Informationen \u00fcber Brand im ehemaligen Norton-Gel\u00e4nde\">Weiterlesen<\/a><\/p>\n","protected":false},"author":1,"featured_media":0,"comment_status":"closed","ping_status":"open","sticky":false,"template":"","format":"standard","meta":{"_price":"","_stock":"","_tribe_ticket_header":"","_tribe_default_ticket_provider":"","_ticket_start_date":"","_ticket_end_date":"","_tribe_ticket_show_description":"","_tribe_ticket_show_not_going":false,"_tribe_ticket_use_global_stock":"","_tribe_ticket_global_stock_level":"","_global_stock_mode":"","_global_stock_cap":"","_tribe_rsvp_for_event":"","_tribe_ticket_going_count":"","_tribe_ticket_not_going_count":"","_tribe_tickets_list":"[]","_tribe_ticket_has_attendee_info_fields":false,"footnotes":""},"categories":[76],"tags":[],"class_list":["post-365","post","type-post","status-publish","format-standard","hentry","category-pressemitteilung-news"],"_links":{"self":[{"href":"https:\/\/feuerwehr-wesseling.de\/index.php?rest_route=\/wp\/v2\/posts\/365","targetHints":{"allow":["GET"]}}],"collection":[{"href":"https:\/\/feuerwehr-wesseling.de\/index.php?rest_route=\/wp\/v2\/posts"}],"about":[{"href":"https:\/\/feuerwehr-wesseling.de\/index.php?rest_route=\/wp\/v2\/types\/post"}],"author":[{"embeddable":true,"href":"https:\/\/feuerwehr-wesseling.de\/index.php?rest_route=\/wp\/v2\/users\/1"}],"replies":[{"embeddable":true,"href":"https:\/\/feuerwehr-wesseling.de\/index.php?rest_route=%2Fwp%2Fv2%2Fcomments&post=365"}],"version-history":[{"count":0,"href":"https:\/\/feuerwehr-wesseling.de\/index.php?rest_route=\/wp\/v2\/posts\/365\/revisions"}],"wp:attachment":[{"href":"https:\/\/feuerwehr-wesseling.de\/index.php?rest_route=%2Fwp%2Fv2%2Fmedia&parent=365"}],"wp:term":[{"taxonomy":"category","embeddable":true,"href":"https:\/\/feuerwehr-wesseling.de\/index.php?rest_route=%2Fwp%2Fv2%2Fcategories&post=365"},{"taxonomy":"post_tag","embeddable":true,"href":"https:\/\/feuerwehr-wesseling.de\/index.php?rest_route=%2Fwp%2Fv2%2Ftags&post=365"}],"curies":[{"name":"wp","href":"https:\/\/api.w.org\/{rel}","templated":true}]}}