{"id":369,"date":"2008-09-10T00:00:00","date_gmt":"2008-09-10T00:00:00","guid":{"rendered":"http:\/\/rettungsdienst-wesseling.de\/?p=369"},"modified":"2008-09-10T00:00:00","modified_gmt":"2008-09-10T00:00:00","slug":"werkfeuerwehr-und-oeffentliche-feuerwehr-uebten-gemeinsamen-einsatz","status":"publish","type":"post","link":"https:\/\/feuerwehr-wesseling.de\/?p=369","title":{"rendered":"Werkfeuerwehr und \u00f6ffentliche Feuerwehr \u00fcbten gemeinsamen Einsatz"},"content":{"rendered":"<p><img loading=\"lazy\" decoding=\"async\" class=\" alignleft size-full wp-image-367\" src=\"http:\/\/rettungsdienst-wesseling.de\/wp-content\/uploads\/2008\/09\/340_uebung_evonikundstadt_1_500.jpg\" border=\"0\" alt=\"340_uebung_evonikundstadt_1_500.jpg\" title=\"340_uebung_evonikundstadt_1_500.jpg\" width=\"200\" height=\"133\" style=\"float: left; margin: 5px; width: 200px; height: 133px;\" \/>82 Feuerwehrkr\u00e4fte im Einsatz Erfolgreicher Test f\u00fcr L\u00f6schwassermenge <\/p>\n<p> Die Werksfeuerwehr und die Feuerwehr der Stadt Wesseling \u00fcbten Dienstag Abend in einem gemeinsamen Einsatz im Evonik Werk Wesseling. In den Einsatzpl\u00e4nen ist genau festgelegt, wann die Feuerwehr der Stadt Wesseling der werkseigenen Feuerwehr zur Hilfe kommt. Das ist dann der Fall, wenn ein Ereignis eine bestimmte Gr\u00f6\u00dfe \u00fcberschreitet. Also war das \u00dcbungsszenario entsprechend gro\u00df dimensioniert. Kurz hintereinander wurden an verschiedenen Stellen des Werkes eine Verpuffung, ein Produktaustritt und ein Lagerhallenbrand simuliert. &#8222;Dass ein solches Ereignis eintritt, ist bei unserem Sicherheitsstandard h\u00f6chst unwahrscheinlich,&#8220; kommentiert Heinz-Peter Brandenberg, Leiter der Abteilung Werkssicherheit und Feuerwehrchef bei Evonik. Doch als \u00dcbungsszenario war der gleichzeitige Einsatz an verschiedenen Orten ideal. &#8222;Im Vordergrund der \u00dcbung standen das Zusammenspiel der Feuerwehren und eine Auffrischung der Ortskenntnisse bei den \u00f6ffentlichen Kr\u00e4ften,&#8220; stellt Brandenberg heraus.<\/p>\n<p>  <!--more-->  <\/p>\n<p>60 Feuerwehrleute der Wesselinger Wehr und 22 Kr\u00e4fte der Werksfeuerwehr waren im Einsatz. Bei einer eingesetzten L\u00f6schwassermenge von 15.000 Litern pro Minute hat auch die L\u00f6schwasserr\u00fcckhaltung im Werk ihren Test bestanden. Das gesamte Wasser konnte planm\u00e4\u00dfig aufgefangen werden. Vergleichbare \u00dcbungen finden regelm\u00e4\u00dfig statt. &#8222;Wir streben an, einmal j\u00e4hrlich eine solche \u00dcbung gemeinsam mit Evonik durchzuf\u00fchren&#8220; so der stellvertretende Leiter der Feuerwehr Wesseling, Nicolas Gafron. Brandenberg res\u00fcmiert: &#8222;So unwahrscheinlich ein solches \u00dcbungsszenario ist, es ist wichtig, dies trotzdem zu trainieren. Wir sind mit dem Verlauf der \u00dcbung sehr zufrieden.&#8220; Informationen zu Evonik Evonik Industries ist der kreative Industriekonzern aus Deutschland mit den Gesch\u00e4ftsfeldern Chemie, Energie und Immobilien. Evonik ist eines der weltweit f\u00fchrenden Unternehmen in der Spezialchemie, Experte f\u00fcr Stromerzeugung aus Steinkohle und erneuerbaren Energien sowie eine der gr\u00f6\u00dften privaten Wohnungsgesellschaften in Deutschland. Kreativit\u00e4t, Spezialistentum, kontinuierliche Selbsterneuerung und Verl\u00e4sslichkeit sind unsere St\u00e4rken. Evonik ist in mehr als 100 L\u00e4ndern der Welt aktiv. Rund 43.000 Mitarbeiter erwirtschafteten im Gesch\u00e4ftsjahr 2007 einen Umsatz von rund 14,4 Milliarden Euro und ein operatives Ergebnis (EBITDA) von \u00fcber 2,2 Milliarden Euro. <\/p>\n<p> Quelle: Stadt Wesseling<\/p>\n<p> <img loading=\"lazy\" decoding=\"async\" class=\" alignleft size-full wp-image-368\" src=\"http:\/\/rettungsdienst-wesseling.de\/wp-content\/uploads\/2008\/09\/340_uebung_evonikundstadt_2_500.jpg\" border=\"0\" alt=\"340_uebung_evonikundstadt_2_500.jpg\" title=\"340_uebung_evonikundstadt_2_500.jpg\" width=\"452\" height=\"301\" style=\"float: left; margin: 5px; width: 452px; height: 301px;\" srcset=\"https:\/\/feuerwehr-wesseling.de\/wp-content\/uploads\/2008\/09\/340_uebung_evonikundstadt_2_500.jpg 452w, https:\/\/feuerwehr-wesseling.de\/wp-content\/uploads\/2008\/09\/340_uebung_evonikundstadt_2_500-300x200.jpg 300w, https:\/\/feuerwehr-wesseling.de\/wp-content\/uploads\/2008\/09\/340_uebung_evonikundstadt_2_500-250x166.jpg 250w, https:\/\/feuerwehr-wesseling.de\/wp-content\/uploads\/2008\/09\/340_uebung_evonikundstadt_2_500-420x280.jpg 420w\" sizes=\"auto, (max-width: 452px) 100vw, 452px\" \/><\/p>\n","protected":false},"excerpt":{"rendered":"<p>82 Feuerwehrkr\u00e4fte im Einsatz Erfolgreicher Test f\u00fcr L\u00f6schwassermenge Die Werksfeuerwehr und die Feuerwehr der Stadt Wesseling \u00fcbten Dienstag Abend in einem gemeinsamen Einsatz im Evonik Werk Wesseling. In den Einsatzpl\u00e4nen &#8230; <a title=\"Werkfeuerwehr und \u00f6ffentliche Feuerwehr \u00fcbten gemeinsamen Einsatz\" class=\"read-more\" href=\"https:\/\/feuerwehr-wesseling.de\/?p=369\" aria-label=\"Mehr Informationen \u00fcber Werkfeuerwehr und \u00f6ffentliche Feuerwehr \u00fcbten gemeinsamen Einsatz\">Weiterlesen<\/a><\/p>\n","protected":false},"author":1,"featured_media":367,"comment_status":"closed","ping_status":"open","sticky":false,"template":"","format":"standard","meta":{"_price":"","_stock":"","_tribe_ticket_header":"","_tribe_default_ticket_provider":"","_ticket_start_date":"","_ticket_end_date":"","_tribe_ticket_show_description":"","_tribe_ticket_show_not_going":false,"_tribe_ticket_use_global_stock":"","_tribe_ticket_global_stock_level":"","_global_stock_mode":"","_global_stock_cap":"","_tribe_rsvp_for_event":"","_tribe_ticket_going_count":"","_tribe_ticket_not_going_count":"","_tribe_tickets_list":"[]","_tribe_ticket_has_attendee_info_fields":false,"footnotes":""},"categories":[76],"tags":[],"class_list":["post-369","post","type-post","status-publish","format-standard","has-post-thumbnail","hentry","category-pressemitteilung-news"],"_links":{"self":[{"href":"https:\/\/feuerwehr-wesseling.de\/index.php?rest_route=\/wp\/v2\/posts\/369","targetHints":{"allow":["GET"]}}],"collection":[{"href":"https:\/\/feuerwehr-wesseling.de\/index.php?rest_route=\/wp\/v2\/posts"}],"about":[{"href":"https:\/\/feuerwehr-wesseling.de\/index.php?rest_route=\/wp\/v2\/types\/post"}],"author":[{"embeddable":true,"href":"https:\/\/feuerwehr-wesseling.de\/index.php?rest_route=\/wp\/v2\/users\/1"}],"replies":[{"embeddable":true,"href":"https:\/\/feuerwehr-wesseling.de\/index.php?rest_route=%2Fwp%2Fv2%2Fcomments&post=369"}],"version-history":[{"count":0,"href":"https:\/\/feuerwehr-wesseling.de\/index.php?rest_route=\/wp\/v2\/posts\/369\/revisions"}],"wp:featuredmedia":[{"embeddable":true,"href":"https:\/\/feuerwehr-wesseling.de\/index.php?rest_route=\/wp\/v2\/media\/367"}],"wp:attachment":[{"href":"https:\/\/feuerwehr-wesseling.de\/index.php?rest_route=%2Fwp%2Fv2%2Fmedia&parent=369"}],"wp:term":[{"taxonomy":"category","embeddable":true,"href":"https:\/\/feuerwehr-wesseling.de\/index.php?rest_route=%2Fwp%2Fv2%2Fcategories&post=369"},{"taxonomy":"post_tag","embeddable":true,"href":"https:\/\/feuerwehr-wesseling.de\/index.php?rest_route=%2Fwp%2Fv2%2Ftags&post=369"}],"curies":[{"name":"wp","href":"https:\/\/api.w.org\/{rel}","templated":true}]}}