{"id":371,"date":"2008-09-23T16:32:47","date_gmt":"2008-09-23T16:32:47","guid":{"rendered":"http:\/\/rettungsdienst-wesseling.de\/?p=371"},"modified":"2008-09-23T16:32:47","modified_gmt":"2008-09-23T16:32:47","slug":"brand-vernichtete-das-schulschwimmbad","status":"publish","type":"post","link":"https:\/\/feuerwehr-wesseling.de\/?p=371","title":{"rendered":"Brand vernichtete das Schulschwimmbad"},"content":{"rendered":"<p><img loading=\"lazy\" decoding=\"async\" class=\" alignleft size-full wp-image-370\" src=\"http:\/\/rettungsdienst-wesseling.de\/wp-content\/uploads\/2008\/09\/331_schulschwimmbad_teaser.jpg\" border=\"0\" alt=\"331_schulschwimmbad_teaser.jpg\" title=\"331_schulschwimmbad_teaser.jpg\" width=\"105\" height=\"105\" style=\"float: left; margin: 5px; width: 105px; height: 105px;\" \/>Vermutlich aufgrund von Dachdeckerarbeiten geriet das Dach des Schulschwimmbades am heutigen Montagmorgen in Brand. Die L\u00f6schz\u00fcge der Wesselinger Wehr waren mehrere Stunden im Einsatz, um das Feuer, das sich immer weiter durch den Dachstuhl fra\u00df, unter Kontrolle zu bekommen. Schwere Sch\u00e4den richtete das Feuer auch in der Schwimmhalle an; es ist wohl von einem Totalschaden auszugehen. Die beim Ausbruch des Brandes im Schulschwimmbad befindlichen Kinder konnten rechtzeitig in Sicherheit gebracht werden. Lediglich ein Arbeiter wurde leicht verletzt. Besonders bitter: Erst vor einer Woche war das Bad wieder der \u00d6ffentlichkeit \u00fcbergeben worden, nachdem es neun Monate lang f\u00fcr 1,9 Millionen Euro saniert und renoviert worden war.<\/p>\n<p> Quelle: Stadt Wesseling<\/p>\n","protected":false},"excerpt":{"rendered":"<p>Vermutlich aufgrund von Dachdeckerarbeiten geriet das Dach des Schulschwimmbades am heutigen Montagmorgen in Brand. Die L\u00f6schz\u00fcge der Wesselinger Wehr waren mehrere Stunden im Einsatz, um das Feuer, das sich immer &#8230; <a title=\"Brand vernichtete das Schulschwimmbad\" class=\"read-more\" href=\"https:\/\/feuerwehr-wesseling.de\/?p=371\" aria-label=\"Mehr Informationen \u00fcber Brand vernichtete das Schulschwimmbad\">Weiterlesen<\/a><\/p>\n","protected":false},"author":1,"featured_media":370,"comment_status":"closed","ping_status":"open","sticky":false,"template":"","format":"standard","meta":{"_price":"","_stock":"","_tribe_ticket_header":"","_tribe_default_ticket_provider":"","_ticket_start_date":"","_ticket_end_date":"","_tribe_ticket_show_description":"","_tribe_ticket_show_not_going":false,"_tribe_ticket_use_global_stock":"","_tribe_ticket_global_stock_level":"","_global_stock_mode":"","_global_stock_cap":"","_tribe_rsvp_for_event":"","_tribe_ticket_going_count":"","_tribe_ticket_not_going_count":"","_tribe_tickets_list":"[]","_tribe_ticket_has_attendee_info_fields":false,"footnotes":""},"categories":[76],"tags":[],"class_list":["post-371","post","type-post","status-publish","format-standard","has-post-thumbnail","hentry","category-pressemitteilung-news"],"_links":{"self":[{"href":"https:\/\/feuerwehr-wesseling.de\/index.php?rest_route=\/wp\/v2\/posts\/371","targetHints":{"allow":["GET"]}}],"collection":[{"href":"https:\/\/feuerwehr-wesseling.de\/index.php?rest_route=\/wp\/v2\/posts"}],"about":[{"href":"https:\/\/feuerwehr-wesseling.de\/index.php?rest_route=\/wp\/v2\/types\/post"}],"author":[{"embeddable":true,"href":"https:\/\/feuerwehr-wesseling.de\/index.php?rest_route=\/wp\/v2\/users\/1"}],"replies":[{"embeddable":true,"href":"https:\/\/feuerwehr-wesseling.de\/index.php?rest_route=%2Fwp%2Fv2%2Fcomments&post=371"}],"version-history":[{"count":0,"href":"https:\/\/feuerwehr-wesseling.de\/index.php?rest_route=\/wp\/v2\/posts\/371\/revisions"}],"wp:featuredmedia":[{"embeddable":true,"href":"https:\/\/feuerwehr-wesseling.de\/index.php?rest_route=\/wp\/v2\/media\/370"}],"wp:attachment":[{"href":"https:\/\/feuerwehr-wesseling.de\/index.php?rest_route=%2Fwp%2Fv2%2Fmedia&parent=371"}],"wp:term":[{"taxonomy":"category","embeddable":true,"href":"https:\/\/feuerwehr-wesseling.de\/index.php?rest_route=%2Fwp%2Fv2%2Fcategories&post=371"},{"taxonomy":"post_tag","embeddable":true,"href":"https:\/\/feuerwehr-wesseling.de\/index.php?rest_route=%2Fwp%2Fv2%2Ftags&post=371"}],"curies":[{"name":"wp","href":"https:\/\/api.w.org\/{rel}","templated":true}]}}