{"id":373,"date":"2008-09-16T18:15:54","date_gmt":"2008-09-16T18:15:54","guid":{"rendered":"http:\/\/rettungsdienst-wesseling.de\/?p=373"},"modified":"2008-09-16T18:15:54","modified_gmt":"2008-09-16T18:15:54","slug":"stiftungsfest-der-freiwilligen-feuerwehr-urfeld","status":"publish","type":"post","link":"https:\/\/feuerwehr-wesseling.de\/?p=373","title":{"rendered":"Stiftungsfest der Freiwilligen Feuerwehr Urfeld"},"content":{"rendered":"<p><strong>B\u00fcrgermeister \u00fcbergibt neu gestalteten Vorplatz<\/strong> <\/p>\n<p> Der L\u00f6schzug Urfeld der Freiwilligen Feuerwehr feiert am Wochenende, Sonntag, den 28.09.2008, sein traditionelles Stiftungsfest am Feuerwehrhaus in der Rheinstra\u00dfe. In diesem Jahr gibt es besonders Grund zu feiern, wird doch der neu gestaltete Vorplatz und eine von Mitgliedern des L\u00f6schzuges in Eigenleistung erstellte Fahrzeug- und Ger\u00e4tehalle durch B\u00fcrgermeister G\u00fcnter Ditgens \u00fcbergeben.<\/p>\n<p>  <!--more-->  <\/p>\n<p>Die Neugestaltung konnte realisiert werden, da sich ein auf dem Grundst\u00fcck befindliches Asylbewerberheim im Jahre 2002 durch ein Schadenfeuer unbewohnbar wurde und nunmehr abgerissen werden musste. Das gr\u00f6\u00dfere Platzangebot erm\u00f6glicht es dem L\u00f6schzug die Dorfkirmes aufleben zu lassen. <\/p>\n<p> So wird in diesem Jahr neben dem bisherigen Angebot wie Seifenkistenrennen, eine Tombola, Kinderschminken, Basteln und Malen auch ein Kinderkarussell und ein Erlebnispark aufgebaut. Die Arbeit der Feuerwehr wird repr\u00e4sentiert durch \u00dcbungen der aktiven Wehr, einer Fahrzeugschau und der M\u00f6glichkeit die Bedienung von Handfeuerl\u00f6schern selbst zu erlernen.<\/p>\n<p> Alle B\u00fcrger sind herzlich eingeladen.<\/p>\n<p> <img loading=\"lazy\" decoding=\"async\" class=\" alignleft size-full wp-image-372\" src=\"http:\/\/rettungsdienst-wesseling.de\/wp-content\/uploads\/2008\/09\/plakat-Kopie.jpg\" border=\"0\" alt=\"plakat Kopie.jpg\" title=\"plakat Kopie.jpg\" width=\"400\" height=\"569\" style=\"float: left; margin: 5px; width: 400px; height: 569px;\" srcset=\"https:\/\/feuerwehr-wesseling.de\/wp-content\/uploads\/2008\/09\/plakat-Kopie.jpg 400w, https:\/\/feuerwehr-wesseling.de\/wp-content\/uploads\/2008\/09\/plakat-Kopie-211x300.jpg 211w, https:\/\/feuerwehr-wesseling.de\/wp-content\/uploads\/2008\/09\/plakat-Kopie-250x356.jpg 250w\" sizes=\"auto, (max-width: 400px) 100vw, 400px\" \/><\/p>\n","protected":false},"excerpt":{"rendered":"<p>B\u00fcrgermeister \u00fcbergibt neu gestalteten Vorplatz Der L\u00f6schzug Urfeld der Freiwilligen Feuerwehr feiert am Wochenende, Sonntag, den 28.09.2008, sein traditionelles Stiftungsfest am Feuerwehrhaus in der Rheinstra\u00dfe. In diesem Jahr gibt es &#8230; <a title=\"Stiftungsfest der Freiwilligen Feuerwehr Urfeld\" class=\"read-more\" href=\"https:\/\/feuerwehr-wesseling.de\/?p=373\" aria-label=\"Mehr Informationen \u00fcber Stiftungsfest der Freiwilligen Feuerwehr Urfeld\">Weiterlesen<\/a><\/p>\n","protected":false},"author":1,"featured_media":372,"comment_status":"closed","ping_status":"open","sticky":false,"template":"","format":"standard","meta":{"_price":"","_stock":"","_tribe_ticket_header":"","_tribe_default_ticket_provider":"","_ticket_start_date":"","_ticket_end_date":"","_tribe_ticket_show_description":"","_tribe_ticket_show_not_going":false,"_tribe_ticket_use_global_stock":"","_tribe_ticket_global_stock_level":"","_global_stock_mode":"","_global_stock_cap":"","_tribe_rsvp_for_event":"","_tribe_ticket_going_count":"","_tribe_ticket_not_going_count":"","_tribe_tickets_list":"[]","_tribe_ticket_has_attendee_info_fields":false,"footnotes":""},"categories":[76],"tags":[],"class_list":["post-373","post","type-post","status-publish","format-standard","has-post-thumbnail","hentry","category-pressemitteilung-news"],"_links":{"self":[{"href":"https:\/\/feuerwehr-wesseling.de\/index.php?rest_route=\/wp\/v2\/posts\/373","targetHints":{"allow":["GET"]}}],"collection":[{"href":"https:\/\/feuerwehr-wesseling.de\/index.php?rest_route=\/wp\/v2\/posts"}],"about":[{"href":"https:\/\/feuerwehr-wesseling.de\/index.php?rest_route=\/wp\/v2\/types\/post"}],"author":[{"embeddable":true,"href":"https:\/\/feuerwehr-wesseling.de\/index.php?rest_route=\/wp\/v2\/users\/1"}],"replies":[{"embeddable":true,"href":"https:\/\/feuerwehr-wesseling.de\/index.php?rest_route=%2Fwp%2Fv2%2Fcomments&post=373"}],"version-history":[{"count":0,"href":"https:\/\/feuerwehr-wesseling.de\/index.php?rest_route=\/wp\/v2\/posts\/373\/revisions"}],"wp:featuredmedia":[{"embeddable":true,"href":"https:\/\/feuerwehr-wesseling.de\/index.php?rest_route=\/wp\/v2\/media\/372"}],"wp:attachment":[{"href":"https:\/\/feuerwehr-wesseling.de\/index.php?rest_route=%2Fwp%2Fv2%2Fmedia&parent=373"}],"wp:term":[{"taxonomy":"category","embeddable":true,"href":"https:\/\/feuerwehr-wesseling.de\/index.php?rest_route=%2Fwp%2Fv2%2Fcategories&post=373"},{"taxonomy":"post_tag","embeddable":true,"href":"https:\/\/feuerwehr-wesseling.de\/index.php?rest_route=%2Fwp%2Fv2%2Ftags&post=373"}],"curies":[{"name":"wp","href":"https:\/\/api.w.org\/{rel}","templated":true}]}}