{"id":375,"date":"2008-08-23T07:40:25","date_gmt":"2008-08-23T07:40:25","guid":{"rendered":"http:\/\/rettungsdienst-wesseling.de\/?p=375"},"modified":"2008-08-23T07:40:25","modified_gmt":"2008-08-23T07:40:25","slug":"ohne-handwerk-keine-freiwilligen-feuerwehren","status":"publish","type":"post","link":"https:\/\/feuerwehr-wesseling.de\/?p=375","title":{"rendered":"Ohne Handwerk keine Freiwilligen Feuerwehren"},"content":{"rendered":"<p><img loading=\"lazy\" decoding=\"async\" class=\" alignleft size-full wp-image-374\" src=\"http:\/\/rettungsdienst-wesseling.de\/wp-content\/uploads\/2008\/08\/zdh-gespraech_72dpi.jpg\" border=\"0\" alt=\"zdh-gespraech_72dpi.jpg\" title=\"zdh-gespraech_72dpi.jpg\" width=\"200\" height=\"158\" style=\"margin: 5px; float: left; width: 200px; height: 158px;\" srcset=\"https:\/\/feuerwehr-wesseling.de\/wp-content\/uploads\/2008\/08\/zdh-gespraech_72dpi.jpg 450w, https:\/\/feuerwehr-wesseling.de\/wp-content\/uploads\/2008\/08\/zdh-gespraech_72dpi-300x237.jpg 300w, https:\/\/feuerwehr-wesseling.de\/wp-content\/uploads\/2008\/08\/zdh-gespraech_72dpi-250x197.jpg 250w, https:\/\/feuerwehr-wesseling.de\/wp-content\/uploads\/2008\/08\/zdh-gespraech_72dpi-100x80.jpg 100w, https:\/\/feuerwehr-wesseling.de\/wp-content\/uploads\/2008\/08\/zdh-gespraech_72dpi-80x64.jpg 80w\" sizes=\"auto, (max-width: 200px) 100vw, 200px\" \/>Verband dankt ZDH-Pr\u00e4sident Kentzler f\u00fcr Leistungen des Berufsstandes <\/p>\n<p> 22.08.2008, Berlin \u2013 F\u00fcr die Arbeit der Feuerwehren ist das deutsche Handwerk unverzichtbar \u2013 das hat der Pr\u00e4sident des Deutschen Feuerwehrverbandes (DFV), Hans-Peter Kr\u00f6ger bei einem Spitzengespr\u00e4ch mit dem Pr\u00e4sidenten des Zentralverbandes des Deutschen Handwerks (ZDH), Otto Kentzler, in Berlin hervorgehoben.<\/p>\n<p>  <!--more-->  <\/p>\n<p>ZDH-Pr\u00e4sident Otto Kentzler (l.) erhielt beim Gespr\u00e4ch mit DFV-Pr\u00e4sident Hans-Peter Kr\u00f6ger im Haus des Deutschen Handwerks in Berlin auch das Feuerwehr-Jahrbuch mit Informationen \u00fcber das deutsche Feuerwehrwesen. <\/p>\n<p> \u201eRund die H\u00e4lfte der aktiven Angeh\u00f6rigen in den Freiwilligen Feuerwehren hat einen handwerklichen Beruf gelernt, etwa ein Drittel unserer Mitglieder ist im Handwerk t\u00e4tig. H\u00e4ufig sind dies Arbeitspl\u00e4tze vor Ort. Damit sichert auch das Handwerk die Einsatzf\u00e4higkeit der Freiwilligen Feuerwehren ab\u201c, betonte Kr\u00f6ger. \u201eAu\u00dferdem ist dem Handwerk zu danken f\u00fcr seine \u00fcberragende Ausbildungsleistung. Sie ist Grundlage f\u00fcr die Personalgewinnung der Berufsfeuerwehren im mittleren feuerwehrtechnischen Dienst.\u201c <\/p>\n<p> Handwerkspr\u00e4sident Kentzler sagte zu, dass die Betriebe des Handwerks ihr gesellschaftliches Engagement fortsetzen werden: \u201eAusbildung, \u00dcbernahme von Ehren\u00e4mtern, Unterst\u00fctzung f\u00fcr Vereine und Hilfsorganisationen \u2013 unsere Handwerker bleiben eine St\u00fctze der B\u00fcrgergesellschaft.\u201c <\/p>\n<p> Kr\u00f6ger warb f\u00fcr die Viertelmillion M\u00e4dchen und Jungen in der Deutschen Jugendfeuerwehr, die als potenzielle Auszubildende in Frage kommen. \u201eMenschen, die sich ehrenamtlich engagieren, sind meist auch im Betrieb sehr gut\u201c, sagte Kr\u00f6ger. <\/p>\n<p> Der Zentralverband des Deutschen Handwerks ist \u201ePartner der Feuerwehr\u201c, ausgezeichnet f\u00fcr die Unterst\u00fctzung ehrenamtlicher Einsatzkr\u00e4fte durch die gesamte Branche. Er wirkt dar\u00fcber hinaus auch im Beirat des Deutschen Feuerwehrverbandes mit. Dieses Gremium hilft dem Spitzenverband der Feuerwehren mit Rat und Tat im gesellschaftlichen und im politischen Raum. Die beiden Verbandspr\u00e4sidenten tauschten sich bei ihrem Gespr\u00e4ch unter anderem \u00fcber die Auswirkungen der Europ\u00e4ischen Union und die Lobbyarbeit in Br\u00fcssel aus.<\/p>\n<p> Quelle: Deutscher Feuerwehr Verband<br \/> Foto: S. Jacobs<\/p>\n","protected":false},"excerpt":{"rendered":"<p>Verband dankt ZDH-Pr\u00e4sident Kentzler f\u00fcr Leistungen des Berufsstandes 22.08.2008, Berlin \u2013 F\u00fcr die Arbeit der Feuerwehren ist das deutsche Handwerk unverzichtbar \u2013 das hat der Pr\u00e4sident des Deutschen Feuerwehrverbandes (DFV), &#8230; <a title=\"Ohne Handwerk keine Freiwilligen Feuerwehren\" class=\"read-more\" href=\"https:\/\/feuerwehr-wesseling.de\/?p=375\" aria-label=\"Mehr Informationen \u00fcber Ohne Handwerk keine Freiwilligen Feuerwehren\">Weiterlesen<\/a><\/p>\n","protected":false},"author":1,"featured_media":374,"comment_status":"closed","ping_status":"open","sticky":false,"template":"","format":"standard","meta":{"_price":"","_stock":"","_tribe_ticket_header":"","_tribe_default_ticket_provider":"","_ticket_start_date":"","_ticket_end_date":"","_tribe_ticket_show_description":"","_tribe_ticket_show_not_going":false,"_tribe_ticket_use_global_stock":"","_tribe_ticket_global_stock_level":"","_global_stock_mode":"","_global_stock_cap":"","_tribe_rsvp_for_event":"","_tribe_ticket_going_count":"","_tribe_ticket_not_going_count":"","_tribe_tickets_list":"[]","_tribe_ticket_has_attendee_info_fields":false,"footnotes":""},"categories":[76],"tags":[],"class_list":["post-375","post","type-post","status-publish","format-standard","has-post-thumbnail","hentry","category-pressemitteilung-news"],"_links":{"self":[{"href":"https:\/\/feuerwehr-wesseling.de\/index.php?rest_route=\/wp\/v2\/posts\/375","targetHints":{"allow":["GET"]}}],"collection":[{"href":"https:\/\/feuerwehr-wesseling.de\/index.php?rest_route=\/wp\/v2\/posts"}],"about":[{"href":"https:\/\/feuerwehr-wesseling.de\/index.php?rest_route=\/wp\/v2\/types\/post"}],"author":[{"embeddable":true,"href":"https:\/\/feuerwehr-wesseling.de\/index.php?rest_route=\/wp\/v2\/users\/1"}],"replies":[{"embeddable":true,"href":"https:\/\/feuerwehr-wesseling.de\/index.php?rest_route=%2Fwp%2Fv2%2Fcomments&post=375"}],"version-history":[{"count":0,"href":"https:\/\/feuerwehr-wesseling.de\/index.php?rest_route=\/wp\/v2\/posts\/375\/revisions"}],"wp:featuredmedia":[{"embeddable":true,"href":"https:\/\/feuerwehr-wesseling.de\/index.php?rest_route=\/wp\/v2\/media\/374"}],"wp:attachment":[{"href":"https:\/\/feuerwehr-wesseling.de\/index.php?rest_route=%2Fwp%2Fv2%2Fmedia&parent=375"}],"wp:term":[{"taxonomy":"category","embeddable":true,"href":"https:\/\/feuerwehr-wesseling.de\/index.php?rest_route=%2Fwp%2Fv2%2Fcategories&post=375"},{"taxonomy":"post_tag","embeddable":true,"href":"https:\/\/feuerwehr-wesseling.de\/index.php?rest_route=%2Fwp%2Fv2%2Ftags&post=375"}],"curies":[{"name":"wp","href":"https:\/\/api.w.org\/{rel}","templated":true}]}}