{"id":376,"date":"2008-08-20T21:03:02","date_gmt":"2008-08-20T21:03:02","guid":{"rendered":"http:\/\/rettungsdienst-wesseling.de\/?p=376"},"modified":"2008-08-20T21:03:02","modified_gmt":"2008-08-20T21:03:02","slug":"kreisjugendfeuerwehrtag-in-wesseling","status":"publish","type":"post","link":"https:\/\/feuerwehr-wesseling.de\/?p=376","title":{"rendered":"Kreisjugendfeuerwehrtag in Wesseling"},"content":{"rendered":"<p>\u00dcber 200 Kinder und Jugendliche aus den Jugendfeuerwehren im Rhein-Erft-Kreis treffen sich am Samstag, 23. August, im Ulrike-Meyfarth-Stadion in Wesseling, um ihr K\u00f6nnen unter Beweis zu stellen.<\/p>\n<p>  <!--more-->  <\/p>\n<p>Denn es geht um die Abnahme der &#8222;Jugendflamme&#8220; &#8211; eines Leistungsabzeichen der Deutschen Jugendfeuerwehr &#8211; in den Stufen II und III und der damit verbundenen Ausspielung des &#8222;Peter-Gra\u00dfmann-Wanderpokal&#8220; f\u00fcr die beste teilnehmende Gruppe. In Teams zu je f\u00fcnf Jugendfeuerwehrmitgliedern sind sowohl Sport und spielerisches Geschick als auch die Beherrschung von Technik und Feuerwehrwissen gefragt. So muss ein gro\u00dfes, h\u00f6lzernes A in Gruppenarbeit bewegt werden, Wasser mit Beh\u00e4ltern auf dem Helm transportiert, die Beladung eines Feuerwehrfahrzeuges erkl\u00e4rt, ein Staffellauf absolviert und eine feuerwehrtechnische \u00dcbung durchgef\u00fchrt werden, die von &#8222;Absicherung einer Unfallstelle&#8220; bis hin zu &#8222;Rettung mit Leitern&#8220; lauten kann. <\/p>\n<p> Quelle: Stadt Wesseling<\/p>\n","protected":false},"excerpt":{"rendered":"<p>\u00dcber 200 Kinder und Jugendliche aus den Jugendfeuerwehren im Rhein-Erft-Kreis treffen sich am Samstag, 23. August, im Ulrike-Meyfarth-Stadion in Wesseling, um ihr K\u00f6nnen unter Beweis zu stellen.<\/p>\n","protected":false},"author":1,"featured_media":0,"comment_status":"closed","ping_status":"open","sticky":false,"template":"","format":"standard","meta":{"_price":"","_stock":"","_tribe_ticket_header":"","_tribe_default_ticket_provider":"","_ticket_start_date":"","_ticket_end_date":"","_tribe_ticket_show_description":"","_tribe_ticket_show_not_going":false,"_tribe_ticket_use_global_stock":"","_tribe_ticket_global_stock_level":"","_global_stock_mode":"","_global_stock_cap":"","_tribe_rsvp_for_event":"","_tribe_ticket_going_count":"","_tribe_ticket_not_going_count":"","_tribe_tickets_list":"[]","_tribe_ticket_has_attendee_info_fields":false,"footnotes":""},"categories":[76],"tags":[],"class_list":["post-376","post","type-post","status-publish","format-standard","hentry","category-pressemitteilung-news"],"_links":{"self":[{"href":"https:\/\/feuerwehr-wesseling.de\/index.php?rest_route=\/wp\/v2\/posts\/376","targetHints":{"allow":["GET"]}}],"collection":[{"href":"https:\/\/feuerwehr-wesseling.de\/index.php?rest_route=\/wp\/v2\/posts"}],"about":[{"href":"https:\/\/feuerwehr-wesseling.de\/index.php?rest_route=\/wp\/v2\/types\/post"}],"author":[{"embeddable":true,"href":"https:\/\/feuerwehr-wesseling.de\/index.php?rest_route=\/wp\/v2\/users\/1"}],"replies":[{"embeddable":true,"href":"https:\/\/feuerwehr-wesseling.de\/index.php?rest_route=%2Fwp%2Fv2%2Fcomments&post=376"}],"version-history":[{"count":0,"href":"https:\/\/feuerwehr-wesseling.de\/index.php?rest_route=\/wp\/v2\/posts\/376\/revisions"}],"wp:attachment":[{"href":"https:\/\/feuerwehr-wesseling.de\/index.php?rest_route=%2Fwp%2Fv2%2Fmedia&parent=376"}],"wp:term":[{"taxonomy":"category","embeddable":true,"href":"https:\/\/feuerwehr-wesseling.de\/index.php?rest_route=%2Fwp%2Fv2%2Fcategories&post=376"},{"taxonomy":"post_tag","embeddable":true,"href":"https:\/\/feuerwehr-wesseling.de\/index.php?rest_route=%2Fwp%2Fv2%2Ftags&post=376"}],"curies":[{"name":"wp","href":"https:\/\/api.w.org\/{rel}","templated":true}]}}