{"id":378,"date":"2011-08-02T11:33:00","date_gmt":"2011-08-02T11:33:00","guid":{"rendered":"http:\/\/rettungsdienst-wesseling.de\/?p=378"},"modified":"2011-08-02T11:33:00","modified_gmt":"2011-08-02T11:33:00","slug":"qskylaternenq-feurige-ufos-als-neue-gefahr","status":"publish","type":"post","link":"https:\/\/feuerwehr-wesseling.de\/?p=378","title":{"rendered":"&#8222;Skylaternen&#8220;: Feurige Ufos als neue Gefahr"},"content":{"rendered":"<p>Dortmund. Die Hochzeit oder der Geburtstag ist heutzutage nur noch die H\u00e4lfte wert, wenn am Abend keine &#8222;Skylaternen&#8220; hinauf in den Nachthimmel geschickt werden. Die leuchtenden Flugk\u00f6rper sind echte Hingucker und in diesem Sommer gefragter denn je. Experten warnen jedoch.<\/p>\n<p>  <!--more-->  <\/p>\n<p>&nbsp;<\/p>\n<p>Die &#8222;Skylaternen&#8220; sind gefragter denn je &#8211; aber nicht \u00fcberall erlaubt. (afp-Bild)<\/p>\n<p>Und zwar nicht nur vor den Brandgefahren, die von den fliegenden Lichtern ausgehen. Die Skylaternen, die auch als Kong-Ming-Laternen, Himmelsfackeln oder Wunschlaternen im Internet feilgeboten werden, funktionieren wie ein Mini-Hei\u00dfluftballon: Unter einer wei\u00dfen oder farbigen H\u00fclle aus Papier ist eine Brennvorrichtung angebracht. Ist die Luft in der H\u00fclle durch die Flamme ausreichend erhitzt, steigt der zwischen f\u00fcnf und 15 Euro teure Ballon senkrecht empor und h\u00e4lt sich mehrere Minuten in der Luft &#8211; die Herstellerangaben nennen bis zu 500 Meter als maximale Flugh\u00f6he.<\/p>\n<p><strong><br \/>Genehmigung der Flugsicherung ist n\u00f6tig&nbsp; <br \/><\/strong><\/p>\n<p>Kein Wunder, dass f\u00fcr jede einzelne Laterne eine Genehmigung der Deutschen Flugsicherung (DFS) erforderlich ist &#8211; sie wird rein rechtlich \u00fcbrigens als Luftfahrzeug behandelt. \u201eWir kommen mit der Antragsbearbeitung kaum noch nach&#8220;, sagt DFS-Sprecherin Ute Otterbein. \u201eIn dieser Sommersaison kommen \u00fcber 100 Anfragen pro Tag, bislang hatten wir bundesweit \u00fcber 5800.&#8220; Die DFS-Sprecherin vermutet dar\u00fcber hinaus eine \u201eextrem hohe Dunkelziffer&#8220; von Laternen, die ohne Genehmigung gestartet werden.<\/p>\n<p>Himmelsfackeln d\u00fcrfen aus Sicherheitsgr\u00fcnden nicht \u00fcberall aufsteigen. Sinnvollerweise ist dies neben Tankstellen oder Papierfabriken der Fall, und auch in der N\u00e4he von Flugh\u00e4fen greift das Verbot: Die Lichter k\u00f6nnten Piloten verunsichern. Bei Wind k\u00f6nnen sie abtreiben: Kommt es zu einem Brand, ist es nahezu unm\u00f6glich, den Verursacher dingfest zu machen.<\/p>\n<p>Die Anbieter betonen dennoch, dass nichts schiefgehen k\u00f6nne, wenn man die Sicherheitshinweise und die Bedienungsanleitung befolgt. Die umfangreichen Erkl\u00e4rungen legen aber auch einen anderen Schluss nah: Ungef\u00e4hrlich sind die Ballone nicht.<\/p>\n<p>\u201eWir sehen die Sache mit Argusaugen und einem sehr unguten Gef\u00fchl&#8220;, sagt auch Ulli Gehrke von der Berufsfeuerwehr in Witten. \u201eDa gibt man etwas aus der Hand, das von einer offenen Flamme angetrieben wird, und keiner wei\u00df, wo und wie das Ding dann runter kommt.&#8220; W\u00e4hrend die Hersteller betonen, dass die Laternen den Sinkflug nicht mehr brennend antreten, haben etliche Feuerwehreins\u00e4tze bereits gezeigt, dass das auch anders ausgehen kann. So setzte ein Miniballon in Herzogenrath vor einigen Tagen einen Wintergarten in Brand. \u201eJe mehr Wind weht und je l\u00e4nger Trockenheit herrscht, desto h\u00f6her ist das Risiko&#8220;, betont Feuerwehrmann Gehrke.<\/p>\n<p><strong><br \/>In NRW d\u00fcrfen Ballone noch aufsteigen &#8211; aber nicht \u00fcberall <br \/><\/strong><\/p>\n<p>Die Schweiz hat die Skylaternen bereits komplett verboten, und auch Bayern untersagt das Vergn\u00fcgen in G\u00e4nze. In NRW ist die Situation unterschiedlich. Die Regierungsbezirke D\u00fcsseldorf und K\u00f6ln haben die Skylaternen verboten, was zurzeit aber rechtlich gepr\u00fcft wird. Im Regierungsbezirk Arnsberg d\u00fcrften die Flugk\u00f6rper grunds\u00e4tzlich aufsteigen, sagt ein Sprecher. Grunds\u00e4tzlich sollte jedoch vor Ort und vorab mit den zust\u00e4ndigen Ordnungsbeh\u00f6rden Kontakt aufgenommen werden.<\/p>\n<p><strong><br \/>Invasion von Au\u00dferirdischen? <br \/><\/strong><\/p>\n<p>Mittlerweile steigen Himmelsfackeln in so gro\u00dfer Zahl auf, dass Spazierg\u00e4nger und Sternengucker bereits die Invasion von Au\u00dferirdischen und UFO-Alarm f\u00fcrchteten. \u201eVor allem am Wochenende haben wir viele Ufo-Meldungen&#8220;, sagt Ute Otterbein von der Deutschen Flugsicherung. \u201eDie Anrufer sind h\u00e4ufig sehr besorgt. Wenn wir darauf hinweisen, dass es sich sehr wahrscheinlich um eine Skylaterne gehandelt hat, reagieren sie auch schon mal \u00e4rgerlich: ,Eine solch einfache Antwort reicht mir als Erkl\u00e4rung nicht aus!&#8216;, hei\u00dft es dann, und schon legen sie auf.&#8220;<\/p>\n<p>Tief im Thema steckt auch Werner Walter vom Centralen Erforschungsnetz au\u00dfergew\u00f6hnlicher Himmelsph\u00e4nomene CENAP, das auch eine Ufo-Hotline betreibt. \u201eAllein im ersten Halbjahr 2008 waren es 600 Anrufer&#8220;, sagt Walter. Einer davon kam am Wochenende aus Witten. 18 Lichter fl\u00f6gen vor ihrem Fenster, manche einzeln, andere auch als Flotte, berichtete die ratlose Anruferin, und das sei nicht zum ersten Mal der Fall. Walter konnte die Anruferin beruhigen, allgemein aber keine Entwarnung in Sachen Skylaterne geben: Da das Partyspielzeug immer preiswerter werde, d\u00fcrfte auch die Zahl der Ufo-Meldungen weiter ansteigen.<\/p>\n<p><strong><br \/>Hintergrund<\/p>\n<p><\/strong><\/p>\n<ul type=\"disc\">\n<li>Urspr\u00fcnglich dienten die Laternen zur Verst\u00e4ndigung. Erstmals gezielt eingesetzt wurden sie vor rund 2000 Jahren von einem hohen chinesischen Kriegsherren namens Kong Ming.<\/li>\n<li>Die Flugk\u00f6rper hei\u00dfen deshalb auch Kong-Ming-Laternen.<\/li>\n<li>Die Laternen sind durch ihre Flugh\u00f6he bei guten Wetterbedingungen \u00fcber Kilometer sichtbar.<\/li>\n<li>Der milit\u00e4rische Verwendungszweck verlor schnell an Bedeutung. Seitdem sind die Laternen im asiatischen Raum bei Festen beliebt.<\/li>\n<li>Mit ihnen verbindet sich die Hoffnung auf Gl\u00fcck und erf\u00fcllte W\u00fcnsche, die vor dem Start au\u00dfen auf die Papierh\u00fclle geschrieben werden.\n<\/li>\n<\/ul>\n<p>Quelle: <span style=\"font-size: 8pt; color: #7b7b7b; line-height: 110%;\"><span style=\"font-size: 7pt; color: #7b7b7b; line-height: 110%; text-decoration: none; text-underline: none;\"><span style=\"font-family: Arial;\">WR<\/span><\/span><span style=\"font-family: Arial;\">, 28.07.2008, Torsten Droop <br \/><\/span><\/span><\/p>\n","protected":false},"excerpt":{"rendered":"<p>Dortmund. Die Hochzeit oder der Geburtstag ist heutzutage nur noch die H\u00e4lfte wert, wenn am Abend keine &#8222;Skylaternen&#8220; hinauf in den Nachthimmel geschickt werden. Die leuchtenden Flugk\u00f6rper sind echte Hingucker &#8230; <a title=\"&#8222;Skylaternen&#8220;: Feurige Ufos als neue Gefahr\" class=\"read-more\" href=\"https:\/\/feuerwehr-wesseling.de\/?p=378\" aria-label=\"Mehr Informationen \u00fcber &#8222;Skylaternen&#8220;: Feurige Ufos als neue Gefahr\">Weiterlesen<\/a><\/p>\n","protected":false},"author":1,"featured_media":0,"comment_status":"closed","ping_status":"open","sticky":false,"template":"","format":"standard","meta":{"_price":"","_stock":"","_tribe_ticket_header":"","_tribe_default_ticket_provider":"","_ticket_start_date":"","_ticket_end_date":"","_tribe_ticket_show_description":"","_tribe_ticket_show_not_going":false,"_tribe_ticket_use_global_stock":"","_tribe_ticket_global_stock_level":"","_global_stock_mode":"","_global_stock_cap":"","_tribe_rsvp_for_event":"","_tribe_ticket_going_count":"","_tribe_ticket_not_going_count":"","_tribe_tickets_list":"[]","_tribe_ticket_has_attendee_info_fields":false,"footnotes":""},"categories":[81],"tags":[],"class_list":["post-378","post","type-post","status-publish","format-standard","hentry","category-newflorianinformiert"],"_links":{"self":[{"href":"https:\/\/feuerwehr-wesseling.de\/index.php?rest_route=\/wp\/v2\/posts\/378","targetHints":{"allow":["GET"]}}],"collection":[{"href":"https:\/\/feuerwehr-wesseling.de\/index.php?rest_route=\/wp\/v2\/posts"}],"about":[{"href":"https:\/\/feuerwehr-wesseling.de\/index.php?rest_route=\/wp\/v2\/types\/post"}],"author":[{"embeddable":true,"href":"https:\/\/feuerwehr-wesseling.de\/index.php?rest_route=\/wp\/v2\/users\/1"}],"replies":[{"embeddable":true,"href":"https:\/\/feuerwehr-wesseling.de\/index.php?rest_route=%2Fwp%2Fv2%2Fcomments&post=378"}],"version-history":[{"count":0,"href":"https:\/\/feuerwehr-wesseling.de\/index.php?rest_route=\/wp\/v2\/posts\/378\/revisions"}],"wp:attachment":[{"href":"https:\/\/feuerwehr-wesseling.de\/index.php?rest_route=%2Fwp%2Fv2%2Fmedia&parent=378"}],"wp:term":[{"taxonomy":"category","embeddable":true,"href":"https:\/\/feuerwehr-wesseling.de\/index.php?rest_route=%2Fwp%2Fv2%2Fcategories&post=378"},{"taxonomy":"post_tag","embeddable":true,"href":"https:\/\/feuerwehr-wesseling.de\/index.php?rest_route=%2Fwp%2Fv2%2Ftags&post=378"}],"curies":[{"name":"wp","href":"https:\/\/api.w.org\/{rel}","templated":true}]}}