{"id":379,"date":"2008-07-03T20:25:30","date_gmt":"2008-07-03T20:25:30","guid":{"rendered":"http:\/\/rettungsdienst-wesseling.de\/?p=379"},"modified":"2008-07-03T20:25:30","modified_gmt":"2008-07-03T20:25:30","slug":"feuerwehr-rettete-aeltere-dame-aus-der-verqualmten-wohnung","status":"publish","type":"post","link":"https:\/\/feuerwehr-wesseling.de\/?p=379","title":{"rendered":"Feuerwehr rettete \u00e4ltere Dame aus der verqualmten Wohnung"},"content":{"rendered":"<p>Wie wichtig Rauchmelder sind, wurde am heutigen Mittwochmorgen bei einem Einsatz der Feuerwehr wieder deutlich. In einem Mehrfamilienhaus in der Flach-Fengler-Stra\u00dfe hatte eine Hausbewohnerin aus einer Nachbarwohnung im zweiten Stock den Rauchmelder geh\u00f6rt und die Feuerwehr alarmiert.<\/p>\n<p>  <!--more-->  <\/p>\n<p>Beim Eintreffen der Wehr unter Leitung von Hauptbrandmeister Ralf Kiel war zudem Brandgeruch im Treppenhaus wahrzunehmen. Da die Wohnungst\u00fcre nicht ge\u00f6ffnet wurde, musste die Feuerwehr &#8222;gewaltsam&#8220; in die Wohnung eindringen. Auf dem Balkon der Wohnung entdeckte der Trupp der Feuerwehr &#8211; mit Atemschutz ausger\u00fcstet &#8211; die \u00e4ltere Dame, die sich nicht mehr in die verqualmte Wohnung getraut hatte. Die Frau wurde dem Rettungsdienst \u00fcbergeben und mit einer Rauchgasvergiftung ins Krankenhaus gebracht. Ursache des Qualms: Die Frau hatte eine Bratpfanne auf dem Herd &#8222;vergessen&#8220;. Seitens der Feuerwehr wurde die Wohnung anschlie\u00dfend gut gel\u00fcftet. Und nat\u00fcrlich reparierte die Feuerwehr auch noch die gewaltsam ge\u00f6ffnete Wohnungst\u00fcr. <\/p>\n<p> Quelle: Stadt Wesseling<\/p>\n","protected":false},"excerpt":{"rendered":"<p>Wie wichtig Rauchmelder sind, wurde am heutigen Mittwochmorgen bei einem Einsatz der Feuerwehr wieder deutlich. In einem Mehrfamilienhaus in der Flach-Fengler-Stra\u00dfe hatte eine Hausbewohnerin aus einer Nachbarwohnung im zweiten Stock &#8230; <a title=\"Feuerwehr rettete \u00e4ltere Dame aus der verqualmten Wohnung\" class=\"read-more\" href=\"https:\/\/feuerwehr-wesseling.de\/?p=379\" aria-label=\"Mehr Informationen \u00fcber Feuerwehr rettete \u00e4ltere Dame aus der verqualmten Wohnung\">Weiterlesen<\/a><\/p>\n","protected":false},"author":1,"featured_media":0,"comment_status":"closed","ping_status":"open","sticky":false,"template":"","format":"standard","meta":{"_price":"","_stock":"","_tribe_ticket_header":"","_tribe_default_ticket_provider":"","_ticket_start_date":"","_ticket_end_date":"","_tribe_ticket_show_description":"","_tribe_ticket_show_not_going":false,"_tribe_ticket_use_global_stock":"","_tribe_ticket_global_stock_level":"","_global_stock_mode":"","_global_stock_cap":"","_tribe_rsvp_for_event":"","_tribe_ticket_going_count":"","_tribe_ticket_not_going_count":"","_tribe_tickets_list":"[]","_tribe_ticket_has_attendee_info_fields":false,"footnotes":""},"categories":[76],"tags":[],"class_list":["post-379","post","type-post","status-publish","format-standard","hentry","category-pressemitteilung-news"],"_links":{"self":[{"href":"https:\/\/feuerwehr-wesseling.de\/index.php?rest_route=\/wp\/v2\/posts\/379","targetHints":{"allow":["GET"]}}],"collection":[{"href":"https:\/\/feuerwehr-wesseling.de\/index.php?rest_route=\/wp\/v2\/posts"}],"about":[{"href":"https:\/\/feuerwehr-wesseling.de\/index.php?rest_route=\/wp\/v2\/types\/post"}],"author":[{"embeddable":true,"href":"https:\/\/feuerwehr-wesseling.de\/index.php?rest_route=\/wp\/v2\/users\/1"}],"replies":[{"embeddable":true,"href":"https:\/\/feuerwehr-wesseling.de\/index.php?rest_route=%2Fwp%2Fv2%2Fcomments&post=379"}],"version-history":[{"count":0,"href":"https:\/\/feuerwehr-wesseling.de\/index.php?rest_route=\/wp\/v2\/posts\/379\/revisions"}],"wp:attachment":[{"href":"https:\/\/feuerwehr-wesseling.de\/index.php?rest_route=%2Fwp%2Fv2%2Fmedia&parent=379"}],"wp:term":[{"taxonomy":"category","embeddable":true,"href":"https:\/\/feuerwehr-wesseling.de\/index.php?rest_route=%2Fwp%2Fv2%2Fcategories&post=379"},{"taxonomy":"post_tag","embeddable":true,"href":"https:\/\/feuerwehr-wesseling.de\/index.php?rest_route=%2Fwp%2Fv2%2Ftags&post=379"}],"curies":[{"name":"wp","href":"https:\/\/api.w.org\/{rel}","templated":true}]}}