{"id":384,"date":"2011-05-05T00:00:00","date_gmt":"2011-05-05T00:00:00","guid":{"rendered":"http:\/\/rettungsdienst-wesseling.de\/?p=384"},"modified":"2011-05-05T00:00:00","modified_gmt":"2011-05-05T00:00:00","slug":"freitag-der-1362008-ist-rauchmeldertag","status":"publish","type":"post","link":"https:\/\/feuerwehr-wesseling.de\/?p=384","title":{"rendered":"Freitag, der 13.5.2011, ist Rauchmeldertag"},"content":{"rendered":"<h5><img loading=\"lazy\" decoding=\"async\" class=\" alignleft size-full wp-image-382\" src=\"http:\/\/rettungsdienst-wesseling.de\/wp-content\/uploads\/2011\/05\/rml_logo.jpg\" alt=\"rml_logo.jpg\" style=\"float: left; margin: 5px; width: 150px; height: 102px;\" title=\"rml_logo.jpg\" height=\"102\" width=\"150\" \/>\u201eGl\u00fcck und Gesundheit kann man kaufen!&#8220;<\/h5>\n<p>Rauchmelder kaufen und installieren, dann wird Freitag der 13. ein Gl\u00fcckstag.<\/p>\n<p>&nbsp;<\/p>\n<p>Freitag, der 13.6.2008 ist wieder Rauchmeldertag. An diesem bundesweiten Aktionstag der Feuerwehren, der Schornsteinfeger und der Aufkl\u00e4rungskampagne \u201eRauchmelder retten Leben&#8220; wird die Bev\u00f6lkerung aufgerufen, qualit\u00e4tsgepr\u00fcfte Rauchmelder zu kaufen, sie zu installieren und regelm\u00e4\u00dfig zu kontrollieren.<\/p>\n<p>  <!--more-->  <\/p>\n<p>&nbsp;<\/p>\n<p>Kabelbr\u00e4nde, \u00fcberhitzte Elektroger\u00e4te, z\u00fcndelnde Kinder oder vergessene B\u00fcgeleisen, wer kennt denn schon alle Gefahrenquellen? Und wer k\u00f6nnte sie alle gleichzeitig im Auge behalten? \u201eDas schaffen nur Qualit\u00e4tsrauchmelder,&#8220; erl\u00e4utert Bernd Pawelke, Vizepr\u00e4sident des Deutschen Feuerwehrverbandes, \u201edie kleinen Lebensretter&nbsp;erkennen Rauch im Fr\u00fchstadium und warnen mit einem lauten Signalton, bevor der giftige Brandrauch lebensbedrohlich wird. Denn bereits drei Atemz\u00fcge Brandrauch k\u00f6nnen t\u00f6dlich sein. Aus diesem Grund gilt: Fr\u00fch gewarnt &#8211;&nbsp;Gl\u00fcck gehabt!&#8220;<\/p>\n<p> <img loading=\"lazy\" decoding=\"async\" class=\" alignleft size-full wp-image-383\" src=\"http:\/\/rettungsdienst-wesseling.de\/wp-content\/uploads\/2011\/05\/300_bildmotiv_01.jpg\" alt=\"300_bildmotiv_01.jpg\" style=\"float: left; margin: 5px; width: 300px; height: 200px;\" title=\"300_bildmotiv_01.jpg\" height=\"200\" width=\"300\" \/><\/p>\n<h5>Der Weg zu mehr Gl\u00fcck und Gesundheit<\/h5>\n<h5><\/h5>\n<h5>1. Heute Rauchmelder von guter Qualit\u00e4t kaufen<\/h5>\n<p>Rauchmelder ist nicht gleich Rauchmelder. Die Feuerwehr empfiehlt VdS-anerkannte Rauchmelder nach der DIN EN 14604 Norm. Bei Wohnungen von \u00fcber 130 qm und mehr als einem Stockwerk sollten Sie funkvernetzte Rauchmelder kaufen, die gleichzeitig melden, wenn an einem entlegenen Ort der Wohnung ein Feuer ausbricht.<\/p>\n<p>&nbsp;<\/p>\n<p><strong>2. Rauchmelder gleich installieren &#8211; an vielen Orten helfen die Heinzelm\u00e4nnchen<\/strong><\/p>\n<p> Nur an der Decke ordnungsgem\u00e4\u00df montierte Rauchmelder k\u00f6nnen Leben retten. An vielen Orten helfen Feuerwehren und freiwillige Helfer bei der Installation<\/p>\n<p>&nbsp;<\/p>\n<p><b>3. Den 13. jedes Monats zum Rauchmelder-Batterie-Testtag machen<\/b><\/p>\n<p> Nur Rauchmelder mit Batterien mit einer Lebensdauer von bis zu 10 Jahren kaufen. Trotzdem monatlich kontrollieren und einmal nach jeder l\u00e4ngeren Abwesenheit.<\/p>\n<p>&nbsp;<\/p>\n<p><b>4. Heute Fluchtplan erstellen<\/b><\/p>\n<p> Gleich heute einen <a target=\"_blank\" href=\"popup\/flucht.htm\" rel=\"noopener noreferrer\">Fluchtplan<\/a> erstellen und mit allen Bewohnern \u00fcben.<\/p>\n<p><b>&nbsp;<\/b><\/p>\n<p> <b><a target=\"_self\" href=\"index.php?option=com_content&amp;task=view&amp;id=224&amp;Itemid=193\" title=\"Mehr Informationen \u00fcber Rauchmelder\" rel=\"noopener noreferrer\">Weitere Informationen \u00fcber Rauchmelder und Video \u00fcber die&nbsp;Entstehung eines Brand&nbsp;finden Sie &#8230;hier<\/a> <br \/> <\/b><br \/> Quelle Text un Fotos: <a href=\"http:\/\/www.rauchmelder-lebensretter.de\/\">www.rauchmelder-lebensretter.de<\/a><\/p>\n","protected":false},"excerpt":{"rendered":"<p>\u201eGl\u00fcck und Gesundheit kann man kaufen!&#8220; Rauchmelder kaufen und installieren, dann wird Freitag der 13. ein Gl\u00fcckstag. &nbsp; Freitag, der 13.6.2008 ist wieder Rauchmeldertag. An diesem bundesweiten Aktionstag der Feuerwehren, &#8230; <a title=\"Freitag, der 13.5.2011, ist Rauchmeldertag\" class=\"read-more\" href=\"https:\/\/feuerwehr-wesseling.de\/?p=384\" aria-label=\"Mehr Informationen \u00fcber Freitag, der 13.5.2011, ist Rauchmeldertag\">Weiterlesen<\/a><\/p>\n","protected":false},"author":1,"featured_media":382,"comment_status":"closed","ping_status":"open","sticky":false,"template":"","format":"standard","meta":{"_price":"","_stock":"","_tribe_ticket_header":"","_tribe_default_ticket_provider":"","_ticket_start_date":"","_ticket_end_date":"","_tribe_ticket_show_description":"","_tribe_ticket_show_not_going":false,"_tribe_ticket_use_global_stock":"","_tribe_ticket_global_stock_level":"","_global_stock_mode":"","_global_stock_cap":"","_tribe_rsvp_for_event":"","_tribe_ticket_going_count":"","_tribe_ticket_not_going_count":"","_tribe_tickets_list":"[]","_tribe_ticket_has_attendee_info_fields":false,"footnotes":""},"categories":[76],"tags":[],"class_list":["post-384","post","type-post","status-publish","format-standard","has-post-thumbnail","hentry","category-pressemitteilung-news"],"_links":{"self":[{"href":"https:\/\/feuerwehr-wesseling.de\/index.php?rest_route=\/wp\/v2\/posts\/384","targetHints":{"allow":["GET"]}}],"collection":[{"href":"https:\/\/feuerwehr-wesseling.de\/index.php?rest_route=\/wp\/v2\/posts"}],"about":[{"href":"https:\/\/feuerwehr-wesseling.de\/index.php?rest_route=\/wp\/v2\/types\/post"}],"author":[{"embeddable":true,"href":"https:\/\/feuerwehr-wesseling.de\/index.php?rest_route=\/wp\/v2\/users\/1"}],"replies":[{"embeddable":true,"href":"https:\/\/feuerwehr-wesseling.de\/index.php?rest_route=%2Fwp%2Fv2%2Fcomments&post=384"}],"version-history":[{"count":0,"href":"https:\/\/feuerwehr-wesseling.de\/index.php?rest_route=\/wp\/v2\/posts\/384\/revisions"}],"wp:featuredmedia":[{"embeddable":true,"href":"https:\/\/feuerwehr-wesseling.de\/index.php?rest_route=\/wp\/v2\/media\/382"}],"wp:attachment":[{"href":"https:\/\/feuerwehr-wesseling.de\/index.php?rest_route=%2Fwp%2Fv2%2Fmedia&parent=384"}],"wp:term":[{"taxonomy":"category","embeddable":true,"href":"https:\/\/feuerwehr-wesseling.de\/index.php?rest_route=%2Fwp%2Fv2%2Fcategories&post=384"},{"taxonomy":"post_tag","embeddable":true,"href":"https:\/\/feuerwehr-wesseling.de\/index.php?rest_route=%2Fwp%2Fv2%2Ftags&post=384"}],"curies":[{"name":"wp","href":"https:\/\/api.w.org\/{rel}","templated":true}]}}