{"id":387,"date":"2008-05-26T11:03:10","date_gmt":"2008-05-26T11:03:10","guid":{"rendered":"http:\/\/rettungsdienst-wesseling.de\/?p=387"},"modified":"2008-05-26T11:03:10","modified_gmt":"2008-05-26T11:03:10","slug":"neues-notarzteinsatzfahrzeug","status":"publish","type":"post","link":"https:\/\/feuerwehr-wesseling.de\/?p=387","title":{"rendered":"Neues Notarzteinsatzfahrzeug"},"content":{"rendered":"<p>Erstmals mit Dieselmotor \u2013 Altes Fahrzeug hatte \u00fcber 200.000 Kilometer Wesseling. <\/p>\n<p> (wpd\/ad) Die Wesselinger Feuerwehr hat ein neues Notarzteinsatzfahrzeug (NEF). B\u00fcrgermeister G\u00fcnter Ditgens und 1. Beigeordneter Bernhard Hadel \u00fcbergaben jetzt das Fahrzeug offiziell an den Leiter der Wesselinger Wehr, Wolfram Semrau. Das alte Fahrzeug hatte nach f\u00fcnf Jahren im Einsatzdienst bereits \u00fcber 200.000 Kilometer zur\u00fcckgelegt. <\/p>\n<p> <img loading=\"lazy\" decoding=\"async\" class=\" alignleft size-full wp-image-386\" src=\"http:\/\/rettungsdienst-wesseling.de\/wp-content\/uploads\/2008\/05\/notarzteinsatzfahrzeug_500.jpg\" border=\"0\" alt=\"Notarzteinsatzfahrzeug\" title=\"Notarzteinsatzfahrzeug\" width=\"250\" height=\"139\" style=\"float: left; margin: 5px; width: 250px; height: 139px;\" srcset=\"https:\/\/feuerwehr-wesseling.de\/wp-content\/uploads\/2008\/05\/notarzteinsatzfahrzeug_500.jpg 452w, https:\/\/feuerwehr-wesseling.de\/wp-content\/uploads\/2008\/05\/notarzteinsatzfahrzeug_500-300x167.jpg 300w, https:\/\/feuerwehr-wesseling.de\/wp-content\/uploads\/2008\/05\/notarzteinsatzfahrzeug_500-250x139.jpg 250w\" sizes=\"auto, (max-width: 250px) 100vw, 250px\" \/>Das neue Notarzteinsatzfahrzeug vom Typ Audi A6 (Kosten: 55.000 Euro) wird von einem Rettungsassistenten der Feuerwehr und einem Notarzt des Dreifaltigkeits-Krankenhauses Wesseling rund um die Uhr besetzt. Das Einsatzgebiet des NEF-Wesseling, welches tags\u00fcber im Krankenhaus und nachts auf der Feuer- und Rettungswache am Kronenweg stationiert ist, umfasst neben dem Stadtgebiet Wesseling auch den \u00fcberwiegenden Teil der Stadt Bornheim sowie mehrere Stadtteile im S\u00fcden von K\u00f6ln. <\/p>\n<p> Erstmals wird das NEF-Wesseling durch einen Dieselmotor angetrieben, da die bisherigen Benzinmotoren durch einen relativ hohen Kraftstoffverbrauch negativ auffielen. Somit ist das neue Fahrzeug nicht nur wirtschaftlicher, sondern durch den Ru\u00dfpartikelfilter, dem gesenkten Durchschnittsverbrauch und dem reduziertem CO2-Aussto\u00df wesentlich umweltfreundlicher als das Vorg\u00e4ngermodell. <\/p>\n<p> Pressemitteilung Stadt Wesseling<\/p>\n","protected":false},"excerpt":{"rendered":"<p>Erstmals mit Dieselmotor \u2013 Altes Fahrzeug hatte \u00fcber 200.000 Kilometer Wesseling. (wpd\/ad) Die Wesselinger Feuerwehr hat ein neues Notarzteinsatzfahrzeug (NEF). B\u00fcrgermeister G\u00fcnter Ditgens und 1. Beigeordneter Bernhard Hadel \u00fcbergaben jetzt &#8230; <a title=\"Neues Notarzteinsatzfahrzeug\" class=\"read-more\" href=\"https:\/\/feuerwehr-wesseling.de\/?p=387\" aria-label=\"Mehr Informationen \u00fcber Neues Notarzteinsatzfahrzeug\">Weiterlesen<\/a><\/p>\n","protected":false},"author":1,"featured_media":386,"comment_status":"closed","ping_status":"open","sticky":false,"template":"","format":"standard","meta":{"_price":"","_stock":"","_tribe_ticket_header":"","_tribe_default_ticket_provider":"","_ticket_start_date":"","_ticket_end_date":"","_tribe_ticket_show_description":"","_tribe_ticket_show_not_going":false,"_tribe_ticket_use_global_stock":"","_tribe_ticket_global_stock_level":"","_global_stock_mode":"","_global_stock_cap":"","_tribe_rsvp_for_event":"","_tribe_ticket_going_count":"","_tribe_ticket_not_going_count":"","_tribe_tickets_list":"[]","_tribe_ticket_has_attendee_info_fields":false,"footnotes":""},"categories":[76],"tags":[],"class_list":["post-387","post","type-post","status-publish","format-standard","has-post-thumbnail","hentry","category-pressemitteilung-news"],"_links":{"self":[{"href":"https:\/\/feuerwehr-wesseling.de\/index.php?rest_route=\/wp\/v2\/posts\/387","targetHints":{"allow":["GET"]}}],"collection":[{"href":"https:\/\/feuerwehr-wesseling.de\/index.php?rest_route=\/wp\/v2\/posts"}],"about":[{"href":"https:\/\/feuerwehr-wesseling.de\/index.php?rest_route=\/wp\/v2\/types\/post"}],"author":[{"embeddable":true,"href":"https:\/\/feuerwehr-wesseling.de\/index.php?rest_route=\/wp\/v2\/users\/1"}],"replies":[{"embeddable":true,"href":"https:\/\/feuerwehr-wesseling.de\/index.php?rest_route=%2Fwp%2Fv2%2Fcomments&post=387"}],"version-history":[{"count":0,"href":"https:\/\/feuerwehr-wesseling.de\/index.php?rest_route=\/wp\/v2\/posts\/387\/revisions"}],"wp:featuredmedia":[{"embeddable":true,"href":"https:\/\/feuerwehr-wesseling.de\/index.php?rest_route=\/wp\/v2\/media\/386"}],"wp:attachment":[{"href":"https:\/\/feuerwehr-wesseling.de\/index.php?rest_route=%2Fwp%2Fv2%2Fmedia&parent=387"}],"wp:term":[{"taxonomy":"category","embeddable":true,"href":"https:\/\/feuerwehr-wesseling.de\/index.php?rest_route=%2Fwp%2Fv2%2Fcategories&post=387"},{"taxonomy":"post_tag","embeddable":true,"href":"https:\/\/feuerwehr-wesseling.de\/index.php?rest_route=%2Fwp%2Fv2%2Ftags&post=387"}],"curies":[{"name":"wp","href":"https:\/\/api.w.org\/{rel}","templated":true}]}}