{"id":389,"date":"2008-05-07T08:05:36","date_gmt":"2008-05-07T08:05:36","guid":{"rendered":"http:\/\/rettungsdienst-wesseling.de\/?p=389"},"modified":"2008-05-07T08:05:36","modified_gmt":"2008-05-07T08:05:36","slug":"einsatz-schlangenfund-in-keldenich-am-552008-um-1830","status":"publish","type":"post","link":"https:\/\/feuerwehr-wesseling.de\/?p=389","title":{"rendered":"Einsatz Schlangenfund in Keldenich am 5.5.2008 um 18:30"},"content":{"rendered":"<p><img loading=\"lazy\" decoding=\"async\" class=\" alignleft size-full wp-image-388\" src=\"http:\/\/rettungsdienst-wesseling.de\/wp-content\/uploads\/2008\/05\/img_0082.jpg\" border=\"0\" alt=\"img_0082.jpg\" title=\"img_0082.jpg\" width=\"250\" height=\"188\" style=\"float: left; margin: 5px; width: 250px; height: 188px;\" srcset=\"https:\/\/feuerwehr-wesseling.de\/wp-content\/uploads\/2008\/05\/img_0082.jpg 1600w, https:\/\/feuerwehr-wesseling.de\/wp-content\/uploads\/2008\/05\/img_0082-300x225.jpg 300w, https:\/\/feuerwehr-wesseling.de\/wp-content\/uploads\/2008\/05\/img_0082-1024x768.jpg 1024w, https:\/\/feuerwehr-wesseling.de\/wp-content\/uploads\/2008\/05\/img_0082-250x188.jpg 250w, https:\/\/feuerwehr-wesseling.de\/wp-content\/uploads\/2008\/05\/img_0082-768x576.jpg 768w, https:\/\/feuerwehr-wesseling.de\/wp-content\/uploads\/2008\/05\/img_0082-1536x1152.jpg 1536w\" sizes=\"auto, (max-width: 250px) 100vw, 250px\" \/>Am fr\u00fchen Montagabend wurde die Feuerwehr der Stadt Wesseling zu einem ungew\u00f6hnlichen Einsatz gerufen. Bei Gartenarbeiten ist einem Hausbesitzer in der Malersiedlung eine Schlange unter seinem Gartenhaus aufgefallen. Der Hausbesitzer informierte sofort die Feuerwehr \u00fcber Telefon. Ein Foto, das er sofort gemacht hatte, konnte bei der Identifizierung etwas helfen. Die Schlange hatte sich beim Eintreffen der Feuerwehr unter das Gartenhaus gefl\u00fcchtet. Nachdem die Feuerwehr einige Teile vom Gartenhaus abgebaut hatte, konnte man mit Hilfe von einem Haken und einer Fasszange die etwa 50 cm lange\u00a0und kleinfingerdicke Schlange ergreifen und in einen Karton legen. Sp\u00e4ter auf der Feuerwache wurde die Schlange von einem Experten f\u00fcr Reptilien als Albino Kornnatter identifiziert und zu einem Schlangenz\u00fcchter gebracht.<\/p>\n<p>  <!--more-->  <\/p>\n<p>INFOS ZUR SCHLANGE<\/p>\n<p>\u00a0<\/p>\n<p>Die Kornnatter (Pantherophis guttatus) kommt urspr\u00fcnglich aus Nordamerika. <br \/> Ihr nat\u00fcrlicher Lebensraum zieht sich entlang der Nordk\u00fcste von Mexiko bis Washington. Am h\u00e4ufigsten kommt sie in der Region um Florida vor. Hier gibt es auch die farbenpr\u00e4chtigsten wildfarbenen Exemplare. Kornnattern werden im Normalfall ca. 1,2 m bis 1,4 m lang und erreichen einen K\u00f6rperdurchmesser von ca. 3-4 cm. Wenn sie aus dem Ei schl\u00fcpfen, sind sie ca. 28 cm lang und nur einige mm dick.<\/p>\n<p>Kornnattern bewohnen den gesamten Bereich der s\u00fcdlichen USA. Sie lebt in eher trockenen Gebieten, teilweise auch als Kulturfolger in der N\u00e4he des Menschen. Kornnattern sind nachtaktive J\u00e4ger, die sich \u00fcberwiegend von Kleinnagern, Jungv\u00f6geln und Echsen ern\u00e4hren. Tags\u00fcber halten sie sich gern versteckt z.B. in Nagerbauten, unter moderndem Holz oder in Scheunen und H\u00e4usern auf. Der Name stammt daher, da\u00df die Kornnattern h\u00e4ufig an Feldr\u00e4ndern gesichtet wurden. Da sich dort zur Kornreife viele Nager aufhalten, ist auch die Kornnatter an diesen Pl\u00e4tzen h\u00e4ufig zu finden.<\/p>\n<p>Die Kornnattern z\u00e4hlen heutzutage wohl zu den beliebtesten und am h\u00e4ufigsten in Terrarien gehaltenen Schlangen. Sie gelten als friedliche und &#8218;leicht&#8216; zu haltende Tiere.<\/p>\n<p>Diese Schlangenart ist ungiftig und hat <strong><span style=\"text-decoration: underline;\">keinen<\/span><\/strong> Schutzstatus, d.h. sie darf ohne Genehmigung einer Beh\u00f6rde gehalten werden. <\/p>\n<p> Kornnattern sind d\u00e4mmerungsaktiv, d.h. sie kommen erst in den Abendstunden aus ihren Verstecken heraus und gehen in ihren Terrarien auf Entdeckungstour. Sie klettern gerne auf Rinden,\u00a0 \u00c4sten und Pflanzen. <\/p>\n<p> In der Natur ern\u00e4hren sich die Kornnattern je nach Herkunft und Gr\u00f6\u00dfe von den unterschiedlichsten Beutetieren. Zum Beutespektrum geh\u00f6ren Echsen wie die sehr h\u00e4ufigen Skinke, aber auch M\u00e4use, Ratten, kleine Kaninchen, Flederm\u00e4use und V\u00f6gel. Im Terrarium werden Kornnattern mit M\u00e4usen, Ratten oder K\u00fcken gef\u00fcttert. Die Futtertiere sind lebend aber auch gefroren in Terraristik-Fachgesch\u00e4ften und gut sortierten Zoogesch\u00e4ften zu bekommen.<\/p>\n","protected":false},"excerpt":{"rendered":"<p>Am fr\u00fchen Montagabend wurde die Feuerwehr der Stadt Wesseling zu einem ungew\u00f6hnlichen Einsatz gerufen. Bei Gartenarbeiten ist einem Hausbesitzer in der Malersiedlung eine Schlange unter seinem Gartenhaus aufgefallen. Der Hausbesitzer &#8230; <a title=\"Einsatz Schlangenfund in Keldenich am 5.5.2008 um 18:30\" class=\"read-more\" href=\"https:\/\/feuerwehr-wesseling.de\/?p=389\" aria-label=\"Mehr Informationen \u00fcber Einsatz Schlangenfund in Keldenich am 5.5.2008 um 18:30\">Weiterlesen<\/a><\/p>\n","protected":false},"author":1,"featured_media":388,"comment_status":"closed","ping_status":"open","sticky":false,"template":"","format":"standard","meta":{"_price":"","_stock":"","_tribe_ticket_header":"","_tribe_default_ticket_provider":"","_ticket_start_date":"","_ticket_end_date":"","_tribe_ticket_show_description":"","_tribe_ticket_show_not_going":false,"_tribe_ticket_use_global_stock":"","_tribe_ticket_global_stock_level":"","_global_stock_mode":"","_global_stock_cap":"","_tribe_rsvp_for_event":"","_tribe_ticket_going_count":"","_tribe_ticket_not_going_count":"","_tribe_tickets_list":"[]","_tribe_ticket_has_attendee_info_fields":false,"footnotes":""},"categories":[76],"tags":[],"class_list":["post-389","post","type-post","status-publish","format-standard","has-post-thumbnail","hentry","category-pressemitteilung-news"],"_links":{"self":[{"href":"https:\/\/feuerwehr-wesseling.de\/index.php?rest_route=\/wp\/v2\/posts\/389","targetHints":{"allow":["GET"]}}],"collection":[{"href":"https:\/\/feuerwehr-wesseling.de\/index.php?rest_route=\/wp\/v2\/posts"}],"about":[{"href":"https:\/\/feuerwehr-wesseling.de\/index.php?rest_route=\/wp\/v2\/types\/post"}],"author":[{"embeddable":true,"href":"https:\/\/feuerwehr-wesseling.de\/index.php?rest_route=\/wp\/v2\/users\/1"}],"replies":[{"embeddable":true,"href":"https:\/\/feuerwehr-wesseling.de\/index.php?rest_route=%2Fwp%2Fv2%2Fcomments&post=389"}],"version-history":[{"count":0,"href":"https:\/\/feuerwehr-wesseling.de\/index.php?rest_route=\/wp\/v2\/posts\/389\/revisions"}],"wp:featuredmedia":[{"embeddable":true,"href":"https:\/\/feuerwehr-wesseling.de\/index.php?rest_route=\/wp\/v2\/media\/388"}],"wp:attachment":[{"href":"https:\/\/feuerwehr-wesseling.de\/index.php?rest_route=%2Fwp%2Fv2%2Fmedia&parent=389"}],"wp:term":[{"taxonomy":"category","embeddable":true,"href":"https:\/\/feuerwehr-wesseling.de\/index.php?rest_route=%2Fwp%2Fv2%2Fcategories&post=389"},{"taxonomy":"post_tag","embeddable":true,"href":"https:\/\/feuerwehr-wesseling.de\/index.php?rest_route=%2Fwp%2Fv2%2Ftags&post=389"}],"curies":[{"name":"wp","href":"https:\/\/api.w.org\/{rel}","templated":true}]}}