{"id":393,"date":"2008-03-31T17:58:18","date_gmt":"2008-03-31T17:58:18","guid":{"rendered":"http:\/\/rettungsdienst-wesseling.de\/?p=393"},"modified":"2008-03-31T17:58:18","modified_gmt":"2008-03-31T17:58:18","slug":"garagenbrand-in-urfeld","status":"publish","type":"post","link":"https:\/\/feuerwehr-wesseling.de\/?p=393","title":{"rendered":"Garagenbrand in Urfeld"},"content":{"rendered":"<p><span style=\"text-decoration: underline;\">Wesseling. (wpd\/ad)<\/span> Zu einem Garagenbrand in der Waldstra\u00dfe in Urfeld wurde die Feuerwehr Wesseling am fr\u00fchen Morgen um 6.25 Uhr gerufen. Die Einsatzkr\u00e4fte fanden eine ausgebrannte Garage vor, in der sich noch Glutnester befanden. Zum Abl\u00f6schen wurde die\u00a0 Garage teilweise ausger\u00e4umt und die Garage stromlos geschaltet.<\/p>\n<p>Mit der W\u00e4rmebildkamera wurden der Innenraum der Garage, die Au\u00dfenwand des Wohnraumes sowie der Innenraum der Wohnung\u00a0 sorgf\u00e4ltig \u00fcberpr\u00fcft.<\/p>\n<p>Zur Brandursache nahm die Kriminalpolizei die Ermittlungen auf.<\/p>\n<p> Pressemitteilung Stadt Wesseling<\/p>\n","protected":false},"excerpt":{"rendered":"<p>Wesseling. (wpd\/ad) Zu einem Garagenbrand in der Waldstra\u00dfe in Urfeld wurde die Feuerwehr Wesseling am fr\u00fchen Morgen um 6.25 Uhr gerufen. Die Einsatzkr\u00e4fte fanden eine ausgebrannte Garage vor, in der &#8230; <a title=\"Garagenbrand in Urfeld\" class=\"read-more\" href=\"https:\/\/feuerwehr-wesseling.de\/?p=393\" aria-label=\"Mehr Informationen \u00fcber Garagenbrand in Urfeld\">Weiterlesen<\/a><\/p>\n","protected":false},"author":1,"featured_media":0,"comment_status":"closed","ping_status":"open","sticky":false,"template":"","format":"standard","meta":{"_price":"","_stock":"","_tribe_ticket_header":"","_tribe_default_ticket_provider":"","_ticket_start_date":"","_ticket_end_date":"","_tribe_ticket_show_description":"","_tribe_ticket_show_not_going":false,"_tribe_ticket_use_global_stock":"","_tribe_ticket_global_stock_level":"","_global_stock_mode":"","_global_stock_cap":"","_tribe_rsvp_for_event":"","_tribe_ticket_going_count":"","_tribe_ticket_not_going_count":"","_tribe_tickets_list":"[]","_tribe_ticket_has_attendee_info_fields":false,"footnotes":""},"categories":[76],"tags":[],"class_list":["post-393","post","type-post","status-publish","format-standard","hentry","category-pressemitteilung-news"],"_links":{"self":[{"href":"https:\/\/feuerwehr-wesseling.de\/index.php?rest_route=\/wp\/v2\/posts\/393","targetHints":{"allow":["GET"]}}],"collection":[{"href":"https:\/\/feuerwehr-wesseling.de\/index.php?rest_route=\/wp\/v2\/posts"}],"about":[{"href":"https:\/\/feuerwehr-wesseling.de\/index.php?rest_route=\/wp\/v2\/types\/post"}],"author":[{"embeddable":true,"href":"https:\/\/feuerwehr-wesseling.de\/index.php?rest_route=\/wp\/v2\/users\/1"}],"replies":[{"embeddable":true,"href":"https:\/\/feuerwehr-wesseling.de\/index.php?rest_route=%2Fwp%2Fv2%2Fcomments&post=393"}],"version-history":[{"count":0,"href":"https:\/\/feuerwehr-wesseling.de\/index.php?rest_route=\/wp\/v2\/posts\/393\/revisions"}],"wp:attachment":[{"href":"https:\/\/feuerwehr-wesseling.de\/index.php?rest_route=%2Fwp%2Fv2%2Fmedia&parent=393"}],"wp:term":[{"taxonomy":"category","embeddable":true,"href":"https:\/\/feuerwehr-wesseling.de\/index.php?rest_route=%2Fwp%2Fv2%2Fcategories&post=393"},{"taxonomy":"post_tag","embeddable":true,"href":"https:\/\/feuerwehr-wesseling.de\/index.php?rest_route=%2Fwp%2Fv2%2Ftags&post=393"}],"curies":[{"name":"wp","href":"https:\/\/api.w.org\/{rel}","templated":true}]}}