{"id":394,"date":"2008-03-14T09:11:14","date_gmt":"2008-03-14T09:11:14","guid":{"rendered":"http:\/\/rettungsdienst-wesseling.de\/?p=394"},"modified":"2008-03-14T09:11:14","modified_gmt":"2008-03-14T09:11:14","slug":"vollsperrung-der-poststr","status":"publish","type":"post","link":"https:\/\/feuerwehr-wesseling.de\/?p=394","title":{"rendered":"Vollsperrung der Poststr."},"content":{"rendered":"<p><span style=\"text-decoration: underline;\">Wesseling. (wpd\/ad)<\/span> Die Paneelendecke des Posttunnels \/ Poststra\u00dfe muss saniert bzw. teilerneuert werden. Hierzu ist eine Vollsperrung der Poststra\u00dfe von H\u00f6he Kreisverkehr Westring bis Zufahrt Post notwendig.\u00a0Die Sperrung gilt nicht f\u00fcr den Linienbusverkehr; dieser darf mit Schrittgeschwindigkeit die Baustelle passieren. Die ausgeschilderte Umleitungsstrecke f\u00fchrt \u00fcber Westring, Berzdorfer Stra\u00dfe, L 300, Dreilindenstra\u00dfe, Poststra\u00dfe und umgekehrt.<\/p>\n<p>\u00a0<\/p>\n<p>Die Ma\u00dfnahme wird in den Osterferien, 17. bis 29. M\u00e4rz, ausgef\u00fchrt.<\/p>\n","protected":false},"excerpt":{"rendered":"<p>Wesseling. (wpd\/ad) Die Paneelendecke des Posttunnels \/ Poststra\u00dfe muss saniert bzw. teilerneuert werden. Hierzu ist eine Vollsperrung der Poststra\u00dfe von H\u00f6he Kreisverkehr Westring bis Zufahrt Post notwendig.\u00a0Die Sperrung gilt nicht &#8230; <a title=\"Vollsperrung der Poststr.\" class=\"read-more\" href=\"https:\/\/feuerwehr-wesseling.de\/?p=394\" aria-label=\"Mehr Informationen \u00fcber Vollsperrung der Poststr.\">Weiterlesen<\/a><\/p>\n","protected":false},"author":1,"featured_media":0,"comment_status":"closed","ping_status":"open","sticky":false,"template":"","format":"standard","meta":{"_price":"","_stock":"","_tribe_ticket_header":"","_tribe_default_ticket_provider":"","_ticket_start_date":"","_ticket_end_date":"","_tribe_ticket_show_description":"","_tribe_ticket_show_not_going":false,"_tribe_ticket_use_global_stock":"","_tribe_ticket_global_stock_level":"","_global_stock_mode":"","_global_stock_cap":"","_tribe_rsvp_for_event":"","_tribe_ticket_going_count":"","_tribe_ticket_not_going_count":"","_tribe_tickets_list":"[]","_tribe_ticket_has_attendee_info_fields":false,"footnotes":""},"categories":[76],"tags":[],"class_list":["post-394","post","type-post","status-publish","format-standard","hentry","category-pressemitteilung-news"],"_links":{"self":[{"href":"https:\/\/feuerwehr-wesseling.de\/index.php?rest_route=\/wp\/v2\/posts\/394","targetHints":{"allow":["GET"]}}],"collection":[{"href":"https:\/\/feuerwehr-wesseling.de\/index.php?rest_route=\/wp\/v2\/posts"}],"about":[{"href":"https:\/\/feuerwehr-wesseling.de\/index.php?rest_route=\/wp\/v2\/types\/post"}],"author":[{"embeddable":true,"href":"https:\/\/feuerwehr-wesseling.de\/index.php?rest_route=\/wp\/v2\/users\/1"}],"replies":[{"embeddable":true,"href":"https:\/\/feuerwehr-wesseling.de\/index.php?rest_route=%2Fwp%2Fv2%2Fcomments&post=394"}],"version-history":[{"count":0,"href":"https:\/\/feuerwehr-wesseling.de\/index.php?rest_route=\/wp\/v2\/posts\/394\/revisions"}],"wp:attachment":[{"href":"https:\/\/feuerwehr-wesseling.de\/index.php?rest_route=%2Fwp%2Fv2%2Fmedia&parent=394"}],"wp:term":[{"taxonomy":"category","embeddable":true,"href":"https:\/\/feuerwehr-wesseling.de\/index.php?rest_route=%2Fwp%2Fv2%2Fcategories&post=394"},{"taxonomy":"post_tag","embeddable":true,"href":"https:\/\/feuerwehr-wesseling.de\/index.php?rest_route=%2Fwp%2Fv2%2Ftags&post=394"}],"curies":[{"name":"wp","href":"https:\/\/api.w.org\/{rel}","templated":true}]}}