{"id":396,"date":"2008-02-07T14:16:49","date_gmt":"2008-02-07T14:16:49","guid":{"rendered":"http:\/\/rettungsdienst-wesseling.de\/?p=396"},"modified":"2008-02-07T14:16:49","modified_gmt":"2008-02-07T14:16:49","slug":"feuerwehr-braucht-mehr-migranten-in-ihren-reihen","status":"publish","type":"post","link":"https:\/\/feuerwehr-wesseling.de\/?p=396","title":{"rendered":"Feuerwehr braucht mehr Migranten in ihren Reihen"},"content":{"rendered":"<p><strong><img loading=\"lazy\" decoding=\"async\" class=\" alignleft size-full wp-image-284\" src=\"http:\/\/rettungsdienst-wesseling.de\/wp-content\/uploads\/2008\/02\/dfv_logo.gif\" border=\"0\" alt=\"dfv_logo.gif\" title=\"dfv_logo.gif\" width=\"174\" height=\"76\" style=\"float: left; margin: 5px; width: 174px; height: 76px;\" \/>DFV-Pr\u00e4sident setzt sich f\u00fcr bessere Integration ein und verurteilt \u00dcbergriffe<\/strong><\/p>\n<p> Berlin \u2013 \u201eDie Vorw\u00fcrfe und Vorf\u00e4lle nach dem verheerenden Brand in Ludwigshafen best\u00e4rken uns darin, die Integration von Migrantinnen und Migranten in die Feuerwehr voranzutreiben. Wir brauchen mehr von ihnen in unseren Reihen, um in Notsituationen die Kommunikation mit Betroffenen zu verbessern und im Vorfeld die Brandschutzaufkl\u00e4rung zu st\u00e4rken\u201c, sagt Hans-Peter Kr\u00f6ger, Pr\u00e4sident des Deutschen Feuerwehrverbandes (DFV). <\/p>\n<p> Die Nationalit\u00e4tenvielfalt in deutschen St\u00e4dten muss sich nach \u00dcberzeugung des Feuerwehr-Pr\u00e4sidenten auch besser in den Feuerwehren abbilden: \u201eWir m\u00f6chten Menschen mit ausl\u00e4ndischen Wurzeln f\u00fcr die Mitarbeit gewinnen und uns selbst st\u00e4rker f\u00fcr sie \u00f6ffnen. Gegenseitige Kenntnis und aktives Engagement in einer B\u00fcrgerbewegung wie der Freiwilligen Feuerwehr ist der beste Weg zu Verst\u00e4ndnis und Integration\u201c, ist Kr\u00f6ger \u00fcberzeugt.<\/p>\n<p>  <!--more-->  <\/p>\n<p>LFV und DFV: Einsatzkr\u00e4fte haben schnell und umsichtig gehandelt <\/p>\n<p> \u201eVagen Vorw\u00fcrfen und nicht akzeptablen \u00dcbergriffen gegen Einsatzkr\u00e4fte wie im Fall Ludwigshafen muss durch bessere Integration der N\u00e4hrboden entzogen werden\u201c, sagt Kr\u00f6ger. \u201eWir verurteilen Angriffe gegen Einsatzkr\u00e4fte entschieden, rufen zur M\u00e4\u00dfigung auf und erwarten, dass Kritiker ihre Vorw\u00fcrfe auch mit belegbaren Fakten untermauern\u201c, betonen DFV-Pr\u00e4sident Kr\u00f6ger und Otto F\u00fcrst, der Vorsitzende des Landesfeuerwehrverbandes Rheinland-Pfalz. Kr\u00f6ger und F\u00fcrst: \u201eDer Staatsministerin f\u00fcr Integration, Frau Professor B\u00f6hmer, gilt unser Dank f\u00fcr ihre klaren Worte. Den Angeh\u00f6rigen der Opfer sprechen wir unser tiefes Mitgef\u00fchl aus, den Verletzten w\u00fcnschen wir baldige Genesung. <\/p>\n<p> Auch die M\u00e4nner und Frauen in den deutschen Feuerwehren sind von einer Seite 2 Brandtrag\u00f6die dieses Ausma\u00dfes besonders betroffen. Der Feuerwehr Ludwigshafen und allen beteiligten Einsatzkr\u00e4ften gilt mein Dank f\u00fcr schnelles und umsichtiges Handeln.\u201c Der Deutsche Feuerwehrverband ist der Spitzenverband der Freiwilligen Feu-erwehren, Berufs-, Werk- und Jugendfeuerwehren in Deutschland. Er vertritt 1,3 Millionen Menschen und setzt sich f\u00fcr zukunftsf\u00e4hige Rahmenbedingungen ein, um ein verl\u00e4ssliches System schneller und kompetenter Hilfe zu sichern.<\/p>\n<p> Quelle: Pressemeldung des Deutschen Feuerwehr Verbandes<\/p>\n","protected":false},"excerpt":{"rendered":"<p>DFV-Pr\u00e4sident setzt sich f\u00fcr bessere Integration ein und verurteilt \u00dcbergriffe Berlin \u2013 \u201eDie Vorw\u00fcrfe und Vorf\u00e4lle nach dem verheerenden Brand in Ludwigshafen best\u00e4rken uns darin, die Integration von Migrantinnen und &#8230; <a title=\"Feuerwehr braucht mehr Migranten in ihren Reihen\" class=\"read-more\" href=\"https:\/\/feuerwehr-wesseling.de\/?p=396\" aria-label=\"Mehr Informationen \u00fcber Feuerwehr braucht mehr Migranten in ihren Reihen\">Weiterlesen<\/a><\/p>\n","protected":false},"author":1,"featured_media":284,"comment_status":"closed","ping_status":"open","sticky":false,"template":"","format":"standard","meta":{"_price":"","_stock":"","_tribe_ticket_header":"","_tribe_default_ticket_provider":"","_ticket_start_date":"","_ticket_end_date":"","_tribe_ticket_show_description":"","_tribe_ticket_show_not_going":false,"_tribe_ticket_use_global_stock":"","_tribe_ticket_global_stock_level":"","_global_stock_mode":"","_global_stock_cap":"","_tribe_rsvp_for_event":"","_tribe_ticket_going_count":"","_tribe_ticket_not_going_count":"","_tribe_tickets_list":"[]","_tribe_ticket_has_attendee_info_fields":false,"footnotes":""},"categories":[76],"tags":[],"class_list":["post-396","post","type-post","status-publish","format-standard","has-post-thumbnail","hentry","category-pressemitteilung-news"],"_links":{"self":[{"href":"https:\/\/feuerwehr-wesseling.de\/index.php?rest_route=\/wp\/v2\/posts\/396","targetHints":{"allow":["GET"]}}],"collection":[{"href":"https:\/\/feuerwehr-wesseling.de\/index.php?rest_route=\/wp\/v2\/posts"}],"about":[{"href":"https:\/\/feuerwehr-wesseling.de\/index.php?rest_route=\/wp\/v2\/types\/post"}],"author":[{"embeddable":true,"href":"https:\/\/feuerwehr-wesseling.de\/index.php?rest_route=\/wp\/v2\/users\/1"}],"replies":[{"embeddable":true,"href":"https:\/\/feuerwehr-wesseling.de\/index.php?rest_route=%2Fwp%2Fv2%2Fcomments&post=396"}],"version-history":[{"count":0,"href":"https:\/\/feuerwehr-wesseling.de\/index.php?rest_route=\/wp\/v2\/posts\/396\/revisions"}],"wp:featuredmedia":[{"embeddable":true,"href":"https:\/\/feuerwehr-wesseling.de\/index.php?rest_route=\/wp\/v2\/media\/284"}],"wp:attachment":[{"href":"https:\/\/feuerwehr-wesseling.de\/index.php?rest_route=%2Fwp%2Fv2%2Fmedia&parent=396"}],"wp:term":[{"taxonomy":"category","embeddable":true,"href":"https:\/\/feuerwehr-wesseling.de\/index.php?rest_route=%2Fwp%2Fv2%2Fcategories&post=396"},{"taxonomy":"post_tag","embeddable":true,"href":"https:\/\/feuerwehr-wesseling.de\/index.php?rest_route=%2Fwp%2Fv2%2Ftags&post=396"}],"curies":[{"name":"wp","href":"https:\/\/api.w.org\/{rel}","templated":true}]}}