{"id":398,"date":"2008-01-29T15:54:04","date_gmt":"2008-01-29T15:54:04","guid":{"rendered":"http:\/\/rettungsdienst-wesseling.de\/?p=398"},"modified":"2008-01-29T15:54:04","modified_gmt":"2008-01-29T15:54:04","slug":"vereinsheim-der-hundefreunde-vollstaendig-abgebrannt","status":"publish","type":"post","link":"https:\/\/feuerwehr-wesseling.de\/?p=398","title":{"rendered":"Vereinsheim der Hundefreunde vollst\u00e4ndig abgebrannt"},"content":{"rendered":"<p><img loading=\"lazy\" decoding=\"async\" class=\" alignleft size-full wp-image-271\" src=\"http:\/\/rettungsdienst-wesseling.de\/wp-content\/uploads\/2008\/06\/dl.gif\" border=\"0\" alt=\"dl.gif\" title=\"dl.gif\" width=\"170\" height=\"208\" style=\"float: left; margin: 5px; width: 170px; height: 208px;\" \/>50 Feuerwehrleute im Einsatz \u2013 Akute Einsturzgefahr<\/p>\n<p> Wesseling. (wpd\/ad) Vollst\u00e4ndig abgebrannt ist in der vergangenen Nacht das Vereinsheim des \u201cVerein f\u00fcr Deutsche Sch\u00e4ferhunde \u2013 Ortsgruppe Br\u00fchl und Umgebung\u201d an der Bundesbahnstrecke in Keldenich \u2013 nahe Dickopshof. Als die Wesselinger Wehr \u2013 die um 4.29 alarmiert worden war &#8211; mit Einsatzleiter Nicholas Gafron eintraf, stand das eingeschossige Objekt (20 x 5 m) bereits in vollen Flammen.<\/p>\n<p>  <!--more-->  <\/p>\n<p>Da es in unmittelbarer N\u00e4he des Hauses keine Wasserversorgung gibt, musste eine Schlauchleitung zum 1,5 Kilometer entfernten Dickopshof\u00a0 gelegt werden. Zu diesem Zweck wurden zwei weitere L\u00f6schz\u00fcge nachalarmiert. Der Brand wurde mit drei C-Rohren gel\u00f6scht; teilweise musste Atemschutz getragen werden. Vordringlichste Aufgabe der Wehr war die &#8211; erfolgreiche &#8211; Sicherung des Au\u00dfengastanks.<\/p>\n<p>\u00a0<\/p>\n<p>50 Feuerwehrleute waren \u00fcber vier Stunden im Einsatz; die Einsatzstelle wurde dann an Polizei und anwesende Vereinsmitglieder mit dem Hinweis auf akute Einsturzgefahr und Betretungsverbot \u00fcbergeben.<\/p>\n<p> Pressemitteilung Stadt Wesseing vom 29. Januar 2008<\/p>\n","protected":false},"excerpt":{"rendered":"<p>50 Feuerwehrleute im Einsatz \u2013 Akute Einsturzgefahr Wesseling. (wpd\/ad) Vollst\u00e4ndig abgebrannt ist in der vergangenen Nacht das Vereinsheim des \u201cVerein f\u00fcr Deutsche Sch\u00e4ferhunde \u2013 Ortsgruppe Br\u00fchl und Umgebung\u201d an der &#8230; <a title=\"Vereinsheim der Hundefreunde vollst\u00e4ndig abgebrannt\" class=\"read-more\" href=\"https:\/\/feuerwehr-wesseling.de\/?p=398\" aria-label=\"Mehr Informationen \u00fcber Vereinsheim der Hundefreunde vollst\u00e4ndig abgebrannt\">Weiterlesen<\/a><\/p>\n","protected":false},"author":1,"featured_media":271,"comment_status":"closed","ping_status":"open","sticky":false,"template":"","format":"standard","meta":{"_price":"","_stock":"","_tribe_ticket_header":"","_tribe_default_ticket_provider":"","_ticket_start_date":"","_ticket_end_date":"","_tribe_ticket_show_description":"","_tribe_ticket_show_not_going":false,"_tribe_ticket_use_global_stock":"","_tribe_ticket_global_stock_level":"","_global_stock_mode":"","_global_stock_cap":"","_tribe_rsvp_for_event":"","_tribe_ticket_going_count":"","_tribe_ticket_not_going_count":"","_tribe_tickets_list":"[]","_tribe_ticket_has_attendee_info_fields":false,"footnotes":""},"categories":[76],"tags":[],"class_list":["post-398","post","type-post","status-publish","format-standard","has-post-thumbnail","hentry","category-pressemitteilung-news"],"_links":{"self":[{"href":"https:\/\/feuerwehr-wesseling.de\/index.php?rest_route=\/wp\/v2\/posts\/398","targetHints":{"allow":["GET"]}}],"collection":[{"href":"https:\/\/feuerwehr-wesseling.de\/index.php?rest_route=\/wp\/v2\/posts"}],"about":[{"href":"https:\/\/feuerwehr-wesseling.de\/index.php?rest_route=\/wp\/v2\/types\/post"}],"author":[{"embeddable":true,"href":"https:\/\/feuerwehr-wesseling.de\/index.php?rest_route=\/wp\/v2\/users\/1"}],"replies":[{"embeddable":true,"href":"https:\/\/feuerwehr-wesseling.de\/index.php?rest_route=%2Fwp%2Fv2%2Fcomments&post=398"}],"version-history":[{"count":0,"href":"https:\/\/feuerwehr-wesseling.de\/index.php?rest_route=\/wp\/v2\/posts\/398\/revisions"}],"wp:featuredmedia":[{"embeddable":true,"href":"https:\/\/feuerwehr-wesseling.de\/index.php?rest_route=\/wp\/v2\/media\/271"}],"wp:attachment":[{"href":"https:\/\/feuerwehr-wesseling.de\/index.php?rest_route=%2Fwp%2Fv2%2Fmedia&parent=398"}],"wp:term":[{"taxonomy":"category","embeddable":true,"href":"https:\/\/feuerwehr-wesseling.de\/index.php?rest_route=%2Fwp%2Fv2%2Fcategories&post=398"},{"taxonomy":"post_tag","embeddable":true,"href":"https:\/\/feuerwehr-wesseling.de\/index.php?rest_route=%2Fwp%2Fv2%2Ftags&post=398"}],"curies":[{"name":"wp","href":"https:\/\/api.w.org\/{rel}","templated":true}]}}