{"id":400,"date":"2008-01-15T14:44:30","date_gmt":"2008-01-15T14:44:30","guid":{"rendered":"http:\/\/rettungsdienst-wesseling.de\/?p=400"},"modified":"2008-01-15T14:44:30","modified_gmt":"2008-01-15T14:44:30","slug":"neue-plaene-fuer-die-rheinstrasse","status":"publish","type":"post","link":"https:\/\/feuerwehr-wesseling.de\/?p=400","title":{"rendered":"Neue Pl\u00e4ne f\u00fcr die Rheinstra\u00dfe"},"content":{"rendered":"<p>Wesseling &#8211; Freie Sicht auf das Urfelder Feuerwehrger\u00e4tehaus: Rund f\u00fcnf Jahre nach seiner Zerst\u00f6rung durch einen Brand ist das ehemalige Asylbewerberheim vor der Feuerwehr im Dezember abgebrochen worden. F\u00fcr den kommenden Stadtentwicklungsausschuss am Donnerstag, 17. Januar, hat die CDU in einem Antrag dargestellt, wie der Platz an der Rheinstra\u00dfe in Zukunft aussehen k\u00f6nnte. Danach soll ein Teil der Fl\u00e4che f\u00fcr \u00dcbungen der Brandbek\u00e4mpfer freigehalten werden. Au\u00dferdem stehen mehrere Parkpl\u00e4tze f\u00fcr die Einsatzkr\u00e4fte auf der Wunschliste. Sie sollen zu der \u00fcbrigen Fl\u00e4che mit Pf\u00e4hlen abgegrenzt werden, damit sie im Alarmfall tats\u00e4chlich frei sind.<\/p>\n<p>  <!--more-->  <\/p>\n<p>Entlang der Rheinstra\u00dfe sollen f\u00fcnf \u00f6ffentliche Parkpl\u00e4tze entstehen, die Kurzzeitparkern von bis zu drei Stunden zur Verf\u00fcgung stehen sollen. Zwischen den \u00f6ffentlichen Parktaschen und denjenigen f\u00fcr die Feuerwehr k\u00f6nnten B\u00e4ume gepflanzt und eine Ruhebank aufgestellt werden, schl\u00e4gt die CDU vor. Die Verwaltung hat gegen den Antrag nichts einzuwenden: \u201eDie Pl\u00e4ne sind uns grunds\u00e4tzlich nicht unrecht\u201c, sagte Dezernent Michael Vogel auf Anfrage. Auch die n\u00f6tigen finanziellen Mittel st\u00fcnden zur Verf\u00fcgung. Insgesamt seien im Haushalt 91 200 Euro f\u00fcr den Abbruch und die Neugestaltung des Platzes reserviert worden. Der Abbruch habe 28 600 Euro gekostet, f\u00fcr die Fl\u00e4che sei mit Kosten in H\u00f6he von rund 60 000 Euro zu rechnen, sagte Vogel. Bis zum Sommer k\u00f6nnte der Platz fertig sein.<\/p>\n<p> In dem Geb\u00e4ude vor der Feuerwehr war im September 2002 ein Feuer ausgebrochen. 18 Asylbewerber hatten damals darin gewohnt, verletzt wurde niemand. Genutzt werden konnte das Haus aber nicht mehr: L\u00f6schwasser hatte die Wohnungen besch\u00e4digt. Die Brandursache ist bis heute unklar. (cht) <\/p>\n<p> Quelle: K\u00f6lner Stadtanzeiger<\/p>\n","protected":false},"excerpt":{"rendered":"<p>Wesseling &#8211; Freie Sicht auf das Urfelder Feuerwehrger\u00e4tehaus: Rund f\u00fcnf Jahre nach seiner Zerst\u00f6rung durch einen Brand ist das ehemalige Asylbewerberheim vor der Feuerwehr im Dezember abgebrochen worden. F\u00fcr den &#8230; <a title=\"Neue Pl\u00e4ne f\u00fcr die Rheinstra\u00dfe\" class=\"read-more\" href=\"https:\/\/feuerwehr-wesseling.de\/?p=400\" aria-label=\"Mehr Informationen \u00fcber Neue Pl\u00e4ne f\u00fcr die Rheinstra\u00dfe\">Weiterlesen<\/a><\/p>\n","protected":false},"author":1,"featured_media":0,"comment_status":"closed","ping_status":"open","sticky":false,"template":"","format":"standard","meta":{"_price":"","_stock":"","_tribe_ticket_header":"","_tribe_default_ticket_provider":"","_ticket_start_date":"","_ticket_end_date":"","_tribe_ticket_show_description":"","_tribe_ticket_show_not_going":false,"_tribe_ticket_use_global_stock":"","_tribe_ticket_global_stock_level":"","_global_stock_mode":"","_global_stock_cap":"","_tribe_rsvp_for_event":"","_tribe_ticket_going_count":"","_tribe_ticket_not_going_count":"","_tribe_tickets_list":"[]","_tribe_ticket_has_attendee_info_fields":false,"footnotes":""},"categories":[76],"tags":[],"class_list":["post-400","post","type-post","status-publish","format-standard","hentry","category-pressemitteilung-news"],"_links":{"self":[{"href":"https:\/\/feuerwehr-wesseling.de\/index.php?rest_route=\/wp\/v2\/posts\/400","targetHints":{"allow":["GET"]}}],"collection":[{"href":"https:\/\/feuerwehr-wesseling.de\/index.php?rest_route=\/wp\/v2\/posts"}],"about":[{"href":"https:\/\/feuerwehr-wesseling.de\/index.php?rest_route=\/wp\/v2\/types\/post"}],"author":[{"embeddable":true,"href":"https:\/\/feuerwehr-wesseling.de\/index.php?rest_route=\/wp\/v2\/users\/1"}],"replies":[{"embeddable":true,"href":"https:\/\/feuerwehr-wesseling.de\/index.php?rest_route=%2Fwp%2Fv2%2Fcomments&post=400"}],"version-history":[{"count":0,"href":"https:\/\/feuerwehr-wesseling.de\/index.php?rest_route=\/wp\/v2\/posts\/400\/revisions"}],"wp:attachment":[{"href":"https:\/\/feuerwehr-wesseling.de\/index.php?rest_route=%2Fwp%2Fv2%2Fmedia&parent=400"}],"wp:term":[{"taxonomy":"category","embeddable":true,"href":"https:\/\/feuerwehr-wesseling.de\/index.php?rest_route=%2Fwp%2Fv2%2Fcategories&post=400"},{"taxonomy":"post_tag","embeddable":true,"href":"https:\/\/feuerwehr-wesseling.de\/index.php?rest_route=%2Fwp%2Fv2%2Ftags&post=400"}],"curies":[{"name":"wp","href":"https:\/\/api.w.org\/{rel}","templated":true}]}}