{"id":401,"date":"2008-01-05T06:50:35","date_gmt":"2008-01-05T06:50:35","guid":{"rendered":"http:\/\/rettungsdienst-wesseling.de\/?p=401"},"modified":"2008-01-05T06:50:35","modified_gmt":"2008-01-05T06:50:35","slug":"drei-arbeiter-auf-einem-tankschiff-vergiftet","status":"publish","type":"post","link":"https:\/\/feuerwehr-wesseling.de\/?p=401","title":{"rendered":"Drei Arbeiter auf einem Tankschiff vergiftet"},"content":{"rendered":"<p>WESSELING. Zu einem schweren Arbeitsunfall, bei dem drei M\u00e4nner lebensgef\u00e4hrlich verletzt wurden, kam es am Donnerstagabend auf dem Rhein in H\u00f6he von Wesseling. Das Ungl\u00fcck ereignete sich gegen 21 Uhr auf einem belgischen Tankschiff, das zur Shell-Raffinerie unterwegs war.<\/p>\n<p> Drei Arbeiter, die mit Reinigungsarbeiten leerer Tanks besch\u00e4ftigt waren, kamen aus noch nicht gekl\u00e4rter Ursache mit der hochgiftigen Chemikalie Anilin in Ber\u00fchrung, die in der Industrie unter anderem zur Herstellung von Farben und Kunststoffen verwendet wird. Das Anilin war im Hafen Krefeld-Uerdingen entladen worden. Auf der Weiterfahrt hatte die Besatzung die Tanks erst gesp\u00fclt, bevor die drei M\u00e4nner hineinstiegen. \u201eSie haben kurz danach \u00fcber \u00dcbelkeit, Erbrechen und eine Blauf\u00e4rbung von Lippen und Fingern\u00e4geln geklagt\u201c, sagte ein Sprecher. Das seien Anzeichen einer Anilin-Vergiftung.<\/p>\n<p>  <!--more-->  <\/p>\n<p>Der Schiffsf\u00fchrer verst\u00e4ndigte daraufhin \u00fcber Funk die Shell-Raffinerie und bat um Hilfe, teilte das Unternehmen mit. Als das Schiff dort angelegt hatte, k\u00fcmmerten sich die Shell-Werksfeuerwehr und die Wesselinger Feuerwehr, die mit 15 Einsatzkr\u00e4ften vor Ort war, um die drei Verletzten. <\/p>\n<p> \u201eDrei Not\u00e4rzte und drei Rettungswagen waren im Einsatz\u201c, teilte Wesselings Stadtbrandmeister Wolfram Semrau mit. Nach der not\u00e4rztlichen Versorgung vor Ort wurden die drei M\u00e4nner zur weiteren Behandlung in die Uniklinik K\u00f6ln gebracht. Sie sind mittlerweile au\u00dfer Lebensgefahr. <\/p>\n<p> Wie es zu dem Ungl\u00fcck kommen konnte, steht bislang noch nicht fest. Nun wird gepr\u00fcft, ob die Vorschriften des Arbeitsschutzes auf dem Schiff eingehalten wurden. \u201eNach bisherigem Kenntnisstand wurde Atemschutz getragen\u201c, sagte ein Sprecher der Wasserschutzpolizei. Die Polizei hat unterdessen ihre Ermittlungen zur Unfallursache aufgenommen. (gj \/ EB) <\/p>\n<p> Quelle: K\u00f6lnische Rundschau<\/p>\n","protected":false},"excerpt":{"rendered":"<p>WESSELING. Zu einem schweren Arbeitsunfall, bei dem drei M\u00e4nner lebensgef\u00e4hrlich verletzt wurden, kam es am Donnerstagabend auf dem Rhein in H\u00f6he von Wesseling. Das Ungl\u00fcck ereignete sich gegen 21 Uhr &#8230; <a title=\"Drei Arbeiter auf einem Tankschiff vergiftet\" class=\"read-more\" href=\"https:\/\/feuerwehr-wesseling.de\/?p=401\" aria-label=\"Mehr Informationen \u00fcber Drei Arbeiter auf einem Tankschiff vergiftet\">Weiterlesen<\/a><\/p>\n","protected":false},"author":1,"featured_media":0,"comment_status":"closed","ping_status":"open","sticky":false,"template":"","format":"standard","meta":{"_price":"","_stock":"","_tribe_ticket_header":"","_tribe_default_ticket_provider":"","_ticket_start_date":"","_ticket_end_date":"","_tribe_ticket_show_description":"","_tribe_ticket_show_not_going":false,"_tribe_ticket_use_global_stock":"","_tribe_ticket_global_stock_level":"","_global_stock_mode":"","_global_stock_cap":"","_tribe_rsvp_for_event":"","_tribe_ticket_going_count":"","_tribe_ticket_not_going_count":"","_tribe_tickets_list":"[]","_tribe_ticket_has_attendee_info_fields":false,"footnotes":""},"categories":[76],"tags":[],"class_list":["post-401","post","type-post","status-publish","format-standard","hentry","category-pressemitteilung-news"],"_links":{"self":[{"href":"https:\/\/feuerwehr-wesseling.de\/index.php?rest_route=\/wp\/v2\/posts\/401","targetHints":{"allow":["GET"]}}],"collection":[{"href":"https:\/\/feuerwehr-wesseling.de\/index.php?rest_route=\/wp\/v2\/posts"}],"about":[{"href":"https:\/\/feuerwehr-wesseling.de\/index.php?rest_route=\/wp\/v2\/types\/post"}],"author":[{"embeddable":true,"href":"https:\/\/feuerwehr-wesseling.de\/index.php?rest_route=\/wp\/v2\/users\/1"}],"replies":[{"embeddable":true,"href":"https:\/\/feuerwehr-wesseling.de\/index.php?rest_route=%2Fwp%2Fv2%2Fcomments&post=401"}],"version-history":[{"count":0,"href":"https:\/\/feuerwehr-wesseling.de\/index.php?rest_route=\/wp\/v2\/posts\/401\/revisions"}],"wp:attachment":[{"href":"https:\/\/feuerwehr-wesseling.de\/index.php?rest_route=%2Fwp%2Fv2%2Fmedia&parent=401"}],"wp:term":[{"taxonomy":"category","embeddable":true,"href":"https:\/\/feuerwehr-wesseling.de\/index.php?rest_route=%2Fwp%2Fv2%2Fcategories&post=401"},{"taxonomy":"post_tag","embeddable":true,"href":"https:\/\/feuerwehr-wesseling.de\/index.php?rest_route=%2Fwp%2Fv2%2Ftags&post=401"}],"curies":[{"name":"wp","href":"https:\/\/api.w.org\/{rel}","templated":true}]}}