{"id":404,"date":"2007-12-30T13:40:20","date_gmt":"2007-12-30T13:40:20","guid":{"rendered":"http:\/\/rettungsdienst-wesseling.de\/?p=404"},"modified":"2007-12-30T13:40:20","modified_gmt":"2007-12-30T13:40:20","slug":"koelsche-krippenfahrt","status":"publish","type":"post","link":"https:\/\/feuerwehr-wesseling.de\/?p=404","title":{"rendered":"K\u00f6lsche Krippenfahrt"},"content":{"rendered":"<p><strong><img loading=\"lazy\" decoding=\"async\" class=\" alignleft size-full wp-image-402\" src=\"http:\/\/rettungsdienst-wesseling.de\/wp-content\/uploads\/2007\/12\/image004.jpg\" border=\"0\" alt=\"image004.jpg\" title=\"image004.jpg\" width=\"122\" height=\"106\" style=\"float: left; margin: 5px; width: 122px; height: 106px;\" \/>Ehrenabteilung der Feuerwehr Wesseling besuchte das Christkind.<br \/> <\/strong><\/p>\n<p><strong> <\/strong><\/p>\n<p> Bereits seit 1992 besucht die Ehrenabteilung der Feuerwehr Wesseling regelm\u00e4\u00dfig Weihnachtskrippen in K\u00f6ln.<\/p>\n<p>\u00a0<\/p>\n<p>Unter der Leitung des ehemaligen Stadtbrandmeisters von Wesseling, Peter Siebert, der regelm\u00e4\u00dfig Ausfl\u00fcge f\u00fcr seine im Ruhestand befindlichen Kameraden und deren Frauen organisiert, besuchten 58 Teilnehmer sehr unterschiedliche Weihnachtskrippen in K\u00f6lner Kirchen.<\/p>\n<p>  <!--more-->  <\/p>\n<p>Sankt Peter mit einer neapolitanischen Krippe und einer Videokrippe, Sankt Pantaleon mit einer Au\u00dfenkrippe aus dem polnischen Kattowitz mit dem Thema \u201eV\u00f6lkerverbindender Dialog&#8220;, Sankt Kolumba mit einer Traditionskrippe der K\u00f6lner K\u00fcnstlerin Lita Mertens und der Madonna in den Tr\u00fcmmern, Sankt Gregorius (Elendskirche) mit einer Krippe vom Niederrhein und Sankt Agnes mit u.a. einem riesengro\u00dfen Tannenbaum, der mit Schmuck aus der Porzellanstadt Selb behangen ist.<\/p>\n<p>\u00a0<\/p>\n<p>Erkl\u00e4rungen dazu gab es in Hochdeutsch und auch in K\u00f6lner Mundart.<\/p>\n<p>Dass man K\u00f6lsch nicht nur sprechen, sondern auch trinken kann, stellten die pensionierten Brandsch\u00fctzer im Anschluss an die Besichtigungen in einem K\u00f6lner Brauhaus fest.<\/p>\n<p> Man war sich einig: \u201eIm n\u00e4chsten Jahr fahren wir wieder&#8220;.<\/p>\n<p> <img loading=\"lazy\" decoding=\"async\" class=\" size-full wp-image-403\" src=\"http:\/\/rettungsdienst-wesseling.de\/wp-content\/uploads\/2007\/12\/krippenfahrt.jpg\" border=\"0\" alt=\"Bild der Teilnehmer\" title=\"Bild der Teilnehmer\" width=\"600\" height=\"450\" align=\"middle\" style=\"margin: 5px; width: 600px; height: 450px;\" srcset=\"https:\/\/feuerwehr-wesseling.de\/wp-content\/uploads\/2007\/12\/krippenfahrt.jpg 1024w, https:\/\/feuerwehr-wesseling.de\/wp-content\/uploads\/2007\/12\/krippenfahrt-300x225.jpg 300w, https:\/\/feuerwehr-wesseling.de\/wp-content\/uploads\/2007\/12\/krippenfahrt-250x188.jpg 250w, https:\/\/feuerwehr-wesseling.de\/wp-content\/uploads\/2007\/12\/krippenfahrt-768x576.jpg 768w\" sizes=\"auto, (max-width: 600px) 100vw, 600px\" \/> <\/p>\n<p> Text und Bilder: Peter Siebert<\/p>\n","protected":false},"excerpt":{"rendered":"<p>Ehrenabteilung der Feuerwehr Wesseling besuchte das Christkind. Bereits seit 1992 besucht die Ehrenabteilung der Feuerwehr Wesseling regelm\u00e4\u00dfig Weihnachtskrippen in K\u00f6ln. \u00a0 Unter der Leitung des ehemaligen Stadtbrandmeisters von Wesseling, Peter &#8230; <a title=\"K\u00f6lsche Krippenfahrt\" class=\"read-more\" href=\"https:\/\/feuerwehr-wesseling.de\/?p=404\" aria-label=\"Mehr Informationen \u00fcber K\u00f6lsche Krippenfahrt\">Weiterlesen<\/a><\/p>\n","protected":false},"author":1,"featured_media":402,"comment_status":"closed","ping_status":"open","sticky":false,"template":"","format":"standard","meta":{"_price":"","_stock":"","_tribe_ticket_header":"","_tribe_default_ticket_provider":"","_ticket_start_date":"","_ticket_end_date":"","_tribe_ticket_show_description":"","_tribe_ticket_show_not_going":false,"_tribe_ticket_use_global_stock":"","_tribe_ticket_global_stock_level":"","_global_stock_mode":"","_global_stock_cap":"","_tribe_rsvp_for_event":"","_tribe_ticket_going_count":"","_tribe_ticket_not_going_count":"","_tribe_tickets_list":"[]","_tribe_ticket_has_attendee_info_fields":false,"footnotes":""},"categories":[76],"tags":[],"class_list":["post-404","post","type-post","status-publish","format-standard","has-post-thumbnail","hentry","category-pressemitteilung-news"],"_links":{"self":[{"href":"https:\/\/feuerwehr-wesseling.de\/index.php?rest_route=\/wp\/v2\/posts\/404","targetHints":{"allow":["GET"]}}],"collection":[{"href":"https:\/\/feuerwehr-wesseling.de\/index.php?rest_route=\/wp\/v2\/posts"}],"about":[{"href":"https:\/\/feuerwehr-wesseling.de\/index.php?rest_route=\/wp\/v2\/types\/post"}],"author":[{"embeddable":true,"href":"https:\/\/feuerwehr-wesseling.de\/index.php?rest_route=\/wp\/v2\/users\/1"}],"replies":[{"embeddable":true,"href":"https:\/\/feuerwehr-wesseling.de\/index.php?rest_route=%2Fwp%2Fv2%2Fcomments&post=404"}],"version-history":[{"count":0,"href":"https:\/\/feuerwehr-wesseling.de\/index.php?rest_route=\/wp\/v2\/posts\/404\/revisions"}],"wp:featuredmedia":[{"embeddable":true,"href":"https:\/\/feuerwehr-wesseling.de\/index.php?rest_route=\/wp\/v2\/media\/402"}],"wp:attachment":[{"href":"https:\/\/feuerwehr-wesseling.de\/index.php?rest_route=%2Fwp%2Fv2%2Fmedia&parent=404"}],"wp:term":[{"taxonomy":"category","embeddable":true,"href":"https:\/\/feuerwehr-wesseling.de\/index.php?rest_route=%2Fwp%2Fv2%2Fcategories&post=404"},{"taxonomy":"post_tag","embeddable":true,"href":"https:\/\/feuerwehr-wesseling.de\/index.php?rest_route=%2Fwp%2Fv2%2Ftags&post=404"}],"curies":[{"name":"wp","href":"https:\/\/api.w.org\/{rel}","templated":true}]}}