{"id":407,"date":"2007-12-12T15:32:09","date_gmt":"2007-12-12T15:32:09","guid":{"rendered":"http:\/\/rettungsdienst-wesseling.de\/?p=407"},"modified":"2007-12-12T15:32:09","modified_gmt":"2007-12-12T15:32:09","slug":"fackeltaetigkeit-in-wesselinger-chemie-werk","status":"publish","type":"post","link":"https:\/\/feuerwehr-wesseling.de\/?p=407","title":{"rendered":"Fackelt\u00e4tigkeit in Wesselinger Chemie-Werk"},"content":{"rendered":"<p>Im Werk Wesseling der Basell Polyolefine GmbH ist es am Dienstag zu einer Betriebsst\u00f6rung gekommen. Nach Angaben einer Unternehmenssprecherin war in einer Ethylenanlage ein Verdichter ausgefallen. Die Sicherheitssysteme h\u00e4tten wie f\u00fcr solche F\u00e4lle vorgesehen reagiert, hie\u00df es. Ein Teil des Ethylengases wurde \u00fcber eine Hochfackel verbrannt<\/p>\n<p> Im Werk Wesseling der Basell Polyolefine GmbH ist es am Dienstag zu einer Betriebsst\u00f6rung gekommen. Nach Angaben einer Unternehmenssprecherin war in einer Ethylenanlage ein Verdichter ausgefallen.<\/p>\n<p>  <!--more-->  <\/p>\n<p>In der Ethylenanlage werden aus Leichtbenzin die Stoffe Ethylen und Propylen hergestellt. Diese Stoffe werden zu Kunststoffen weiterverarbeitet. Verwendung finden sie unter anderem in Haushaltsger\u00e4ten, Kraftstofftanks und Wasserrohren. Aus Sicherheitsgr\u00fcnden sei es nicht zu vermeiden, das bei Betriebsst\u00f6rungen anfallende Gas \u00fcber die Fackel zu verbrennen, sagte die Sprecherin. Die Beh\u00f6rden seien \u00fcber den Vorgang informiert worden. (ddp)<\/p>\n","protected":false},"excerpt":{"rendered":"<p>Im Werk Wesseling der Basell Polyolefine GmbH ist es am Dienstag zu einer Betriebsst\u00f6rung gekommen. Nach Angaben einer Unternehmenssprecherin war in einer Ethylenanlage ein Verdichter ausgefallen. Die Sicherheitssysteme h\u00e4tten wie &#8230; <a title=\"Fackelt\u00e4tigkeit in Wesselinger Chemie-Werk\" class=\"read-more\" href=\"https:\/\/feuerwehr-wesseling.de\/?p=407\" aria-label=\"Mehr Informationen \u00fcber Fackelt\u00e4tigkeit in Wesselinger Chemie-Werk\">Weiterlesen<\/a><\/p>\n","protected":false},"author":1,"featured_media":0,"comment_status":"closed","ping_status":"open","sticky":false,"template":"","format":"standard","meta":{"_price":"","_stock":"","_tribe_ticket_header":"","_tribe_default_ticket_provider":"","_ticket_start_date":"","_ticket_end_date":"","_tribe_ticket_show_description":"","_tribe_ticket_show_not_going":false,"_tribe_ticket_use_global_stock":"","_tribe_ticket_global_stock_level":"","_global_stock_mode":"","_global_stock_cap":"","_tribe_rsvp_for_event":"","_tribe_ticket_going_count":"","_tribe_ticket_not_going_count":"","_tribe_tickets_list":"[]","_tribe_ticket_has_attendee_info_fields":false,"footnotes":""},"categories":[76],"tags":[],"class_list":["post-407","post","type-post","status-publish","format-standard","hentry","category-pressemitteilung-news"],"_links":{"self":[{"href":"https:\/\/feuerwehr-wesseling.de\/index.php?rest_route=\/wp\/v2\/posts\/407","targetHints":{"allow":["GET"]}}],"collection":[{"href":"https:\/\/feuerwehr-wesseling.de\/index.php?rest_route=\/wp\/v2\/posts"}],"about":[{"href":"https:\/\/feuerwehr-wesseling.de\/index.php?rest_route=\/wp\/v2\/types\/post"}],"author":[{"embeddable":true,"href":"https:\/\/feuerwehr-wesseling.de\/index.php?rest_route=\/wp\/v2\/users\/1"}],"replies":[{"embeddable":true,"href":"https:\/\/feuerwehr-wesseling.de\/index.php?rest_route=%2Fwp%2Fv2%2Fcomments&post=407"}],"version-history":[{"count":0,"href":"https:\/\/feuerwehr-wesseling.de\/index.php?rest_route=\/wp\/v2\/posts\/407\/revisions"}],"wp:attachment":[{"href":"https:\/\/feuerwehr-wesseling.de\/index.php?rest_route=%2Fwp%2Fv2%2Fmedia&parent=407"}],"wp:term":[{"taxonomy":"category","embeddable":true,"href":"https:\/\/feuerwehr-wesseling.de\/index.php?rest_route=%2Fwp%2Fv2%2Fcategories&post=407"},{"taxonomy":"post_tag","embeddable":true,"href":"https:\/\/feuerwehr-wesseling.de\/index.php?rest_route=%2Fwp%2Fv2%2Ftags&post=407"}],"curies":[{"name":"wp","href":"https:\/\/api.w.org\/{rel}","templated":true}]}}