{"id":410,"date":"2007-12-05T07:32:26","date_gmt":"2007-12-05T07:32:26","guid":{"rendered":"http:\/\/rettungsdienst-wesseling.de\/?p=410"},"modified":"2007-12-05T07:32:26","modified_gmt":"2007-12-05T07:32:26","slug":"feuer-kleingartenanlage-ahrstrasse","status":"publish","type":"post","link":"https:\/\/feuerwehr-wesseling.de\/?p=410","title":{"rendered":"Feuer Kleingartenanlage Ahrstra\u00dfe"},"content":{"rendered":"<p>Am Mittwoch, den 05. Dezember um 02:09 Uhr wurde die Feuerwehr Wesseling zu einem Feuer in der Kleingartenanlage an der Ahrstra\u00dfe alarmiert. <\/p>\n<p> Schon auf der Anfahrt zur Einsatzstelle konnte eine starke Feuerschein festgestellt werden. Bei Eintreffen der Feuerwehr brannte ein gro\u00dfes Gartenhaus in voller Ausdehnung. Zur Brandbek\u00e4mpfung gingen zwei Trupps mit zwei Hohlstrahlrohren unter Atemschutz und ein Trupp mit Einrei\u00dfwerkzeug vor .Die Ma\u00dfnahmen zeigten schnellen Erfolg, so dass schnell \u201eFeuer aus &#8211; Nachl\u00f6scharbeiten\u201c gemeldet werden konnte.<\/p>\n<p>  <!--more-->  <\/p>\n<p>Diese Nachl\u00f6scharbeiten, d. h. das Auffinden und Abl\u00f6schen mehrerer kleiner Brandnester war um 02:50 Uhr beendet. Bei diesen Arbeiten wurde noch eine Propangasflasche, die mit W\u00e4rme beaufschlagt worden war gefunden. Der gesamte Einsatz war um 03:30 Uhr beendet. Im Einsatz waren insgesamt 48 Einsatzkr\u00e4fte des L\u00f6schzuges Wesseling, L\u00f6schzuges Berzdorf und der hauptamtlichen Wache. <\/p>\n<p> Feuerwehr Wesseling (HBM M.Kuhl)<\/p>\n","protected":false},"excerpt":{"rendered":"<p>Am Mittwoch, den 05. Dezember um 02:09 Uhr wurde die Feuerwehr Wesseling zu einem Feuer in der Kleingartenanlage an der Ahrstra\u00dfe alarmiert. Schon auf der Anfahrt zur Einsatzstelle konnte eine &#8230; <a title=\"Feuer Kleingartenanlage Ahrstra\u00dfe\" class=\"read-more\" href=\"https:\/\/feuerwehr-wesseling.de\/?p=410\" aria-label=\"Mehr Informationen \u00fcber Feuer Kleingartenanlage Ahrstra\u00dfe\">Weiterlesen<\/a><\/p>\n","protected":false},"author":1,"featured_media":0,"comment_status":"closed","ping_status":"open","sticky":false,"template":"","format":"standard","meta":{"_price":"","_stock":"","_tribe_ticket_header":"","_tribe_default_ticket_provider":"","_ticket_start_date":"","_ticket_end_date":"","_tribe_ticket_show_description":"","_tribe_ticket_show_not_going":false,"_tribe_ticket_use_global_stock":"","_tribe_ticket_global_stock_level":"","_global_stock_mode":"","_global_stock_cap":"","_tribe_rsvp_for_event":"","_tribe_ticket_going_count":"","_tribe_ticket_not_going_count":"","_tribe_tickets_list":"[]","_tribe_ticket_has_attendee_info_fields":false,"footnotes":""},"categories":[76],"tags":[],"class_list":["post-410","post","type-post","status-publish","format-standard","hentry","category-pressemitteilung-news"],"_links":{"self":[{"href":"https:\/\/feuerwehr-wesseling.de\/index.php?rest_route=\/wp\/v2\/posts\/410","targetHints":{"allow":["GET"]}}],"collection":[{"href":"https:\/\/feuerwehr-wesseling.de\/index.php?rest_route=\/wp\/v2\/posts"}],"about":[{"href":"https:\/\/feuerwehr-wesseling.de\/index.php?rest_route=\/wp\/v2\/types\/post"}],"author":[{"embeddable":true,"href":"https:\/\/feuerwehr-wesseling.de\/index.php?rest_route=\/wp\/v2\/users\/1"}],"replies":[{"embeddable":true,"href":"https:\/\/feuerwehr-wesseling.de\/index.php?rest_route=%2Fwp%2Fv2%2Fcomments&post=410"}],"version-history":[{"count":0,"href":"https:\/\/feuerwehr-wesseling.de\/index.php?rest_route=\/wp\/v2\/posts\/410\/revisions"}],"wp:attachment":[{"href":"https:\/\/feuerwehr-wesseling.de\/index.php?rest_route=%2Fwp%2Fv2%2Fmedia&parent=410"}],"wp:term":[{"taxonomy":"category","embeddable":true,"href":"https:\/\/feuerwehr-wesseling.de\/index.php?rest_route=%2Fwp%2Fv2%2Fcategories&post=410"},{"taxonomy":"post_tag","embeddable":true,"href":"https:\/\/feuerwehr-wesseling.de\/index.php?rest_route=%2Fwp%2Fv2%2Ftags&post=410"}],"curies":[{"name":"wp","href":"https:\/\/api.w.org\/{rel}","templated":true}]}}