{"id":411,"date":"2007-11-28T09:14:02","date_gmt":"2007-11-28T09:14:02","guid":{"rendered":"http:\/\/rettungsdienst-wesseling.de\/?p=411"},"modified":"2007-11-28T09:14:02","modified_gmt":"2007-11-28T09:14:02","slug":"westfeld-uebernimmt-jugendfeuerwehr-wesseling","status":"publish","type":"post","link":"https:\/\/feuerwehr-wesseling.de\/?p=411","title":{"rendered":"Westfeld \u00fcbernimmt Jugendfeuerwehr Wesseling"},"content":{"rendered":"<div class=\"intro\"><strong>Markus Lucke ist von seinem Amt als Jugendfeuerwehrwart des L\u00f6schzuges Wesseling zur\u00fcckgetreten. <br \/><\/strong><\/div>\n<div><a name=\"a0\"><\/a> <\/p>\n<p>Er bleibt aber weiterhin der Jugendfeuerwehr erhalten und unterst\u00fctzt zuk\u00fcnftig &#8211; als Stellvertreter &#8211; verst\u00e4rkt den Stadtjugendfeuerwehrwart Reiner Lenders.<\/p>\n<p>Neuer Jugendfeuerwehrwart wurde Lars Westfeld, der diese Aufgabe schon seit l\u00e4ngerer Zeit kommissarisch wahrnimmt.<\/p>\n<p>Quelle: Pressemitteilung Stadt Wesseling<\/p>\n<\/p><\/div>\n","protected":false},"excerpt":{"rendered":"<p>Markus Lucke ist von seinem Amt als Jugendfeuerwehrwart des L\u00f6schzuges Wesseling zur\u00fcckgetreten. Er bleibt aber weiterhin der Jugendfeuerwehr erhalten und unterst\u00fctzt zuk\u00fcnftig &#8211; als Stellvertreter &#8211; verst\u00e4rkt den Stadtjugendfeuerwehrwart Reiner &#8230; <a title=\"Westfeld \u00fcbernimmt Jugendfeuerwehr Wesseling\" class=\"read-more\" href=\"https:\/\/feuerwehr-wesseling.de\/?p=411\" aria-label=\"Mehr Informationen \u00fcber Westfeld \u00fcbernimmt Jugendfeuerwehr Wesseling\">Weiterlesen<\/a><\/p>\n","protected":false},"author":1,"featured_media":0,"comment_status":"closed","ping_status":"open","sticky":false,"template":"","format":"standard","meta":{"_price":"","_stock":"","_tribe_ticket_header":"","_tribe_default_ticket_provider":"","_ticket_start_date":"","_ticket_end_date":"","_tribe_ticket_show_description":"","_tribe_ticket_show_not_going":false,"_tribe_ticket_use_global_stock":"","_tribe_ticket_global_stock_level":"","_global_stock_mode":"","_global_stock_cap":"","_tribe_rsvp_for_event":"","_tribe_ticket_going_count":"","_tribe_ticket_not_going_count":"","_tribe_tickets_list":"[]","_tribe_ticket_has_attendee_info_fields":false,"footnotes":""},"categories":[76],"tags":[],"class_list":["post-411","post","type-post","status-publish","format-standard","hentry","category-pressemitteilung-news"],"_links":{"self":[{"href":"https:\/\/feuerwehr-wesseling.de\/index.php?rest_route=\/wp\/v2\/posts\/411","targetHints":{"allow":["GET"]}}],"collection":[{"href":"https:\/\/feuerwehr-wesseling.de\/index.php?rest_route=\/wp\/v2\/posts"}],"about":[{"href":"https:\/\/feuerwehr-wesseling.de\/index.php?rest_route=\/wp\/v2\/types\/post"}],"author":[{"embeddable":true,"href":"https:\/\/feuerwehr-wesseling.de\/index.php?rest_route=\/wp\/v2\/users\/1"}],"replies":[{"embeddable":true,"href":"https:\/\/feuerwehr-wesseling.de\/index.php?rest_route=%2Fwp%2Fv2%2Fcomments&post=411"}],"version-history":[{"count":0,"href":"https:\/\/feuerwehr-wesseling.de\/index.php?rest_route=\/wp\/v2\/posts\/411\/revisions"}],"wp:attachment":[{"href":"https:\/\/feuerwehr-wesseling.de\/index.php?rest_route=%2Fwp%2Fv2%2Fmedia&parent=411"}],"wp:term":[{"taxonomy":"category","embeddable":true,"href":"https:\/\/feuerwehr-wesseling.de\/index.php?rest_route=%2Fwp%2Fv2%2Fcategories&post=411"},{"taxonomy":"post_tag","embeddable":true,"href":"https:\/\/feuerwehr-wesseling.de\/index.php?rest_route=%2Fwp%2Fv2%2Ftags&post=411"}],"curies":[{"name":"wp","href":"https:\/\/api.w.org\/{rel}","templated":true}]}}