{"id":414,"date":"2007-11-21T08:24:39","date_gmt":"2007-11-21T08:24:39","guid":{"rendered":"http:\/\/rettungsdienst-wesseling.de\/?p=414"},"modified":"2007-11-21T08:24:39","modified_gmt":"2007-11-21T08:24:39","slug":"jugendfeuerwehr-urfeld-mit-neuer-leitung","status":"publish","type":"post","link":"https:\/\/feuerwehr-wesseling.de\/?p=414","title":{"rendered":"Jugendfeuerwehr Urfeld  mit neuer Leitung"},"content":{"rendered":"<p><img loading=\"lazy\" decoding=\"async\" class=\" alignleft size-full wp-image-413\" src=\"http:\/\/rettungsdienst-wesseling.de\/wp-content\/uploads\/2007\/11\/jugendfeuerwehr_leitung-scaled.jpg\" border=\"0\" alt=\"jugendfeuerwehr_leitung.jpg\" title=\"jugendfeuerwehr_leitung.jpg\" width=\"170\" height=\"114\" style=\"float: left; margin: 5px; width: 170px; height: 114px;\" srcset=\"https:\/\/feuerwehr-wesseling.de\/wp-content\/uploads\/2007\/11\/jugendfeuerwehr_leitung-scaled.jpg 2560w, https:\/\/feuerwehr-wesseling.de\/wp-content\/uploads\/2007\/11\/jugendfeuerwehr_leitung-300x201.jpg 300w, https:\/\/feuerwehr-wesseling.de\/wp-content\/uploads\/2007\/11\/jugendfeuerwehr_leitung-1024x685.jpg 1024w, https:\/\/feuerwehr-wesseling.de\/wp-content\/uploads\/2007\/11\/jugendfeuerwehr_leitung-250x167.jpg 250w, https:\/\/feuerwehr-wesseling.de\/wp-content\/uploads\/2007\/11\/jugendfeuerwehr_leitung-768x514.jpg 768w, https:\/\/feuerwehr-wesseling.de\/wp-content\/uploads\/2007\/11\/jugendfeuerwehr_leitung-1536x1028.jpg 1536w, https:\/\/feuerwehr-wesseling.de\/wp-content\/uploads\/2007\/11\/jugendfeuerwehr_leitung-2048x1371.jpg 2048w, https:\/\/feuerwehr-wesseling.de\/wp-content\/uploads\/2007\/11\/jugendfeuerwehr_leitung-420x280.jpg 420w\" sizes=\"auto, (max-width: 170px) 100vw, 170px\" \/>Wesseling. (wpd\/ad) Eine neue Leitung hat die Jugendfeuerwehr Urfeld. Nach achtj\u00e4hriger T\u00e4tigkeit als Jugendwart hat Michael Wei\u00df sein Amt niedergelegt. Neu mit der Leitung der Jugendfeuerwehr wurden Marc Bobowk und Jens M\u00fcck beauftragt, die bereits seit vielen Jahren seine Stellvertreter waren.<\/p>\n<p> Erster Beigeordneter Bernhard Hadel und Feuerwehr-Chef Wolfram Semrau dankten Michael Wei\u00df f\u00fcr seine jahrelange ehrenamtliche T\u00e4tigkeit und w\u00fcnschten den beiden Nachfolgern viel Gl\u00fcck bei der neuen Aufgabe. In der Jugendfeuerwehr Urfeld sind zur Zeit 17 M\u00e4dchen und Jungen aktiv. Unser Bild zeigt \u2013 von links \u2013 Stadtbrandmeister Wolfram Semrau, Michael Wei\u00df, Marc Bobowk, Urfelds L\u00f6schzugf\u00fchrer Stephan Hahn und 1. Beigeordneter Bernhard Hadel.<\/p>\n","protected":false},"excerpt":{"rendered":"<p>Wesseling. (wpd\/ad) Eine neue Leitung hat die Jugendfeuerwehr Urfeld. Nach achtj\u00e4hriger T\u00e4tigkeit als Jugendwart hat Michael Wei\u00df sein Amt niedergelegt. Neu mit der Leitung der Jugendfeuerwehr wurden Marc Bobowk und &#8230; <a title=\"Jugendfeuerwehr Urfeld  mit neuer Leitung\" class=\"read-more\" href=\"https:\/\/feuerwehr-wesseling.de\/?p=414\" aria-label=\"Mehr Informationen \u00fcber Jugendfeuerwehr Urfeld  mit neuer Leitung\">Weiterlesen<\/a><\/p>\n","protected":false},"author":1,"featured_media":412,"comment_status":"closed","ping_status":"open","sticky":false,"template":"","format":"standard","meta":{"_price":"","_stock":"","_tribe_ticket_header":"","_tribe_default_ticket_provider":"","_ticket_start_date":"","_ticket_end_date":"","_tribe_ticket_show_description":"","_tribe_ticket_show_not_going":false,"_tribe_ticket_use_global_stock":"","_tribe_ticket_global_stock_level":"","_global_stock_mode":"","_global_stock_cap":"","_tribe_rsvp_for_event":"","_tribe_ticket_going_count":"","_tribe_ticket_not_going_count":"","_tribe_tickets_list":"[]","_tribe_ticket_has_attendee_info_fields":false,"footnotes":""},"categories":[76],"tags":[],"class_list":["post-414","post","type-post","status-publish","format-standard","has-post-thumbnail","hentry","category-pressemitteilung-news"],"_links":{"self":[{"href":"https:\/\/feuerwehr-wesseling.de\/index.php?rest_route=\/wp\/v2\/posts\/414","targetHints":{"allow":["GET"]}}],"collection":[{"href":"https:\/\/feuerwehr-wesseling.de\/index.php?rest_route=\/wp\/v2\/posts"}],"about":[{"href":"https:\/\/feuerwehr-wesseling.de\/index.php?rest_route=\/wp\/v2\/types\/post"}],"author":[{"embeddable":true,"href":"https:\/\/feuerwehr-wesseling.de\/index.php?rest_route=\/wp\/v2\/users\/1"}],"replies":[{"embeddable":true,"href":"https:\/\/feuerwehr-wesseling.de\/index.php?rest_route=%2Fwp%2Fv2%2Fcomments&post=414"}],"version-history":[{"count":0,"href":"https:\/\/feuerwehr-wesseling.de\/index.php?rest_route=\/wp\/v2\/posts\/414\/revisions"}],"wp:featuredmedia":[{"embeddable":true,"href":"https:\/\/feuerwehr-wesseling.de\/index.php?rest_route=\/wp\/v2\/media\/412"}],"wp:attachment":[{"href":"https:\/\/feuerwehr-wesseling.de\/index.php?rest_route=%2Fwp%2Fv2%2Fmedia&parent=414"}],"wp:term":[{"taxonomy":"category","embeddable":true,"href":"https:\/\/feuerwehr-wesseling.de\/index.php?rest_route=%2Fwp%2Fv2%2Fcategories&post=414"},{"taxonomy":"post_tag","embeddable":true,"href":"https:\/\/feuerwehr-wesseling.de\/index.php?rest_route=%2Fwp%2Fv2%2Ftags&post=414"}],"curies":[{"name":"wp","href":"https:\/\/api.w.org\/{rel}","templated":true}]}}