{"id":415,"date":"2007-11-19T12:01:35","date_gmt":"2007-11-19T12:01:35","guid":{"rendered":"http:\/\/rettungsdienst-wesseling.de\/?p=415"},"modified":"2007-11-19T12:01:35","modified_gmt":"2007-11-19T12:01:35","slug":"kellerbrand-im-pfarrzentrum-st-germanus","status":"publish","type":"post","link":"https:\/\/feuerwehr-wesseling.de\/?p=415","title":{"rendered":"Kellerbrand im Pfarrzentrum St. Germanus"},"content":{"rendered":"<p><strong>Karnevalisten behalfen sich mit Kerzen und Notbeleuchtung der Feuerwehr<\/strong><\/p>\n<p><strong><span style=\"text-decoration: underline;\">Wesseling. <\/span><span style=\"text-decoration: underline;\">(wpd\/ad)<\/span><\/strong> \u201eBrandgeruch aus dem Keller des Pfarrzentrums St. Germanus; teilweise Stromausfall im gesamten Geb\u00e4ude&#8220;, diese Alarmmeldung kam bei der Feuerwehr Wesseling am Samstagabend um 19.50 Uhr an. Das Brisante: Im dar\u00fcber liegenden Veranstaltungssaal fand zu diesem Zeitpunkt eine Karnevalssitzung mit \u00fcber 150 G\u00e4sten statt.<\/p>\n<p>  <!--more-->  <\/p>\n<p>Mit drei Fahrzeugen unter Leitung von Oberbrandmeister Bernd Fritz\u00a0 r\u00fcckte die Feuerwehr zum Einsatzort aus. Zwei Elektromeister, welche die Veranstaltung besuchten, machten sich zeitgleich mit der Feuerwehr ein Bild von der Lage und konnten schnell die Ursache feststellen: Ein Schmorbrand in der Unterverteilung. Aus Sicherheitsgr\u00fcnden wurde die Elektroanlage zun\u00e4chst stromlos geschaltet. Die Feuerwehr stellte zudem sicher, dass die Veranstaltung mit einer Notbeleuchtung &#8211; sowie vielen Kerzen &#8211; fortgesetzt werden konnte.<\/p>\n<p>\u00a0<\/p>\n<p>Kurz vor 21 Uhr war es dann m\u00f6glich, die Anlage\u00a0 wieder komplett in Betrieb zu nehmen. Res\u00fcmee der Feuerwehr: Die Karnevalsveranstaltung konnte mit gewohnt rheinischem Frohsinn und ohne Stimmungsverlust fortgesetzt werden.<\/p>\n","protected":false},"excerpt":{"rendered":"<p>Karnevalisten behalfen sich mit Kerzen und Notbeleuchtung der Feuerwehr Wesseling. (wpd\/ad) \u201eBrandgeruch aus dem Keller des Pfarrzentrums St. Germanus; teilweise Stromausfall im gesamten Geb\u00e4ude&#8220;, diese Alarmmeldung kam bei der Feuerwehr &#8230; <a title=\"Kellerbrand im Pfarrzentrum St. Germanus\" class=\"read-more\" href=\"https:\/\/feuerwehr-wesseling.de\/?p=415\" aria-label=\"Mehr Informationen \u00fcber Kellerbrand im Pfarrzentrum St. Germanus\">Weiterlesen<\/a><\/p>\n","protected":false},"author":1,"featured_media":0,"comment_status":"closed","ping_status":"open","sticky":false,"template":"","format":"standard","meta":{"_price":"","_stock":"","_tribe_ticket_header":"","_tribe_default_ticket_provider":"","_ticket_start_date":"","_ticket_end_date":"","_tribe_ticket_show_description":"","_tribe_ticket_show_not_going":false,"_tribe_ticket_use_global_stock":"","_tribe_ticket_global_stock_level":"","_global_stock_mode":"","_global_stock_cap":"","_tribe_rsvp_for_event":"","_tribe_ticket_going_count":"","_tribe_ticket_not_going_count":"","_tribe_tickets_list":"[]","_tribe_ticket_has_attendee_info_fields":false,"footnotes":""},"categories":[76],"tags":[],"class_list":["post-415","post","type-post","status-publish","format-standard","hentry","category-pressemitteilung-news"],"_links":{"self":[{"href":"https:\/\/feuerwehr-wesseling.de\/index.php?rest_route=\/wp\/v2\/posts\/415","targetHints":{"allow":["GET"]}}],"collection":[{"href":"https:\/\/feuerwehr-wesseling.de\/index.php?rest_route=\/wp\/v2\/posts"}],"about":[{"href":"https:\/\/feuerwehr-wesseling.de\/index.php?rest_route=\/wp\/v2\/types\/post"}],"author":[{"embeddable":true,"href":"https:\/\/feuerwehr-wesseling.de\/index.php?rest_route=\/wp\/v2\/users\/1"}],"replies":[{"embeddable":true,"href":"https:\/\/feuerwehr-wesseling.de\/index.php?rest_route=%2Fwp%2Fv2%2Fcomments&post=415"}],"version-history":[{"count":0,"href":"https:\/\/feuerwehr-wesseling.de\/index.php?rest_route=\/wp\/v2\/posts\/415\/revisions"}],"wp:attachment":[{"href":"https:\/\/feuerwehr-wesseling.de\/index.php?rest_route=%2Fwp%2Fv2%2Fmedia&parent=415"}],"wp:term":[{"taxonomy":"category","embeddable":true,"href":"https:\/\/feuerwehr-wesseling.de\/index.php?rest_route=%2Fwp%2Fv2%2Fcategories&post=415"},{"taxonomy":"post_tag","embeddable":true,"href":"https:\/\/feuerwehr-wesseling.de\/index.php?rest_route=%2Fwp%2Fv2%2Ftags&post=415"}],"curies":[{"name":"wp","href":"https:\/\/api.w.org\/{rel}","templated":true}]}}