{"id":417,"date":"2007-10-30T08:34:41","date_gmt":"2007-10-30T08:34:41","guid":{"rendered":"http:\/\/rettungsdienst-wesseling.de\/?p=417"},"modified":"2007-10-30T08:34:41","modified_gmt":"2007-10-30T08:34:41","slug":"jubilarenehrung-und-festkommers-der-feuerwehr-wesseling","status":"publish","type":"post","link":"https:\/\/feuerwehr-wesseling.de\/?p=417","title":{"rendered":"Jubilarenehrung und Festkommers der Feuerwehr Wesseling"},"content":{"rendered":"<p><strong>&#8222;Eine starke Truppe, auf die wir stolz sein k\u00f6nnen und auch sind&#8220;<\/strong><\/p>\n<div class=\"intro\"><strong>&#8222;Wesseling hat hervorragend ausgebildete Feuerwehrleute; die B\u00fcrgerinnen und B\u00fcrger der Stadt haben gro\u00dfes Vertrauen in ihre Wehr. Und wer wie ich schon einmal die schnelle und lebensrettende Hilfe der Wesselinger Feuerwehrleute in Anspruch genommen hat, der wei\u00df dieses gro\u00dfartige Engagement und dieses K\u00f6nnen ganz besonders zu sch\u00e4tzen.&#8220;<br \/> <\/strong><\/div>\n<div><a name=\"a0\"><\/a> <\/p>\n<p> B\u00fcrgermeister G\u00fcnter Ditgens gratulierte am Freitagabend im Rheinforum Wesseling der Feuerwehr zum 130j\u00e4hrigen Bestehen und w\u00fcnschte den 246 ehrenamtlichen Frauen und M\u00e4nnern im aktiven Dienst, dass sie immer unfallfrei und ohne Schaden aus jedem Einsatz zur\u00fcckkommen.<\/p>\n<\/p><\/div>\n<p>  <!--more-->  <\/p>\n<p>Die Festansprache hielt der 1. Beigeordnete Bernhard Hadel, seit nunmehr 25 Jahren der verantwortliche Dezernent f\u00fcr die Wehr. Er erinnerte an die Gr\u00fcndung im Jahre 1877: 62 B\u00fcrger waren damals der Aufforderung des B\u00fcrgermeisters Klein zur Aufstellung einer Feuerwehr gefolgt. Und Hadel machte deutlich: &#8222;Ohne dieses ehrenamtliche Engagement gibt\u00a0 es keinen funktionierenden Schutz.&#8220; Daf\u00fcr geb\u00fchre den Feuerwehrleuten Dank und Anerkennung. Auch der 1. Beigeordnete betonte: &#8222;Die Feuerwehr Wesseling ist eine starke Truppe, auf die wir stolz sein k\u00f6nnen und auch sind.&#8220;<\/p>\n<p> <img loading=\"lazy\" decoding=\"async\" class=\" alignleft size-full wp-image-416\" src=\"http:\/\/rettungsdienst-wesseling.de\/wp-content\/uploads\/2007\/10\/799_feuerwehr.jpg\" border=\"0\" alt=\"799_feuerwehr.jpg\" title=\"799_feuerwehr.jpg\" width=\"450\" height=\"258\" style=\"float: left; margin: 5px; width: 450px; height: 258px;\" srcset=\"https:\/\/feuerwehr-wesseling.de\/wp-content\/uploads\/2007\/10\/799_feuerwehr.jpg 592w, https:\/\/feuerwehr-wesseling.de\/wp-content\/uploads\/2007\/10\/799_feuerwehr-300x172.jpg 300w, https:\/\/feuerwehr-wesseling.de\/wp-content\/uploads\/2007\/10\/799_feuerwehr-250x144.jpg 250w\" sizes=\"auto, (max-width: 450px) 100vw, 450px\" \/>Der Festkommers bildete denn auch den w\u00fcrdigen Rahmen, um langj\u00e4hrige Mitglieder der Feuerwehr zu ehren. Das Ehrenzeichen in Gold \u00fcberreichten Hadel und Stadtbrandmeister Wolfram Semrau an Anton und Peter-Josef Schunk; beide sind seit 35 Jahren aktiv dabei. Auf eine 25j\u00e4hrige aktive Zugeh\u00f6rigkeit zur Wesselinger Wehr k\u00f6nnen Nicholas Gafron, Werner R\u00f6der, Reiner Sch\u00e4fer, Martin Grundmann, Willi Sch\u00fcrheck, Josef Wexeler, Ralf Wirtz, Harald Jansen, Johannes Krings, Werner Krings, Frank P\u00fctz, Peter Sch\u00fcrheck, Ralf Sief, Peter Becher, G\u00fcnter Zimmermann und Johannes Zimmermann zur\u00fcckblicken; sie wurden mit dem Feuerwehr-Ehrenzeichen in Silber ausgezeichnet.<\/p>\n<p> Semrau konnte daneben zahlreiche Bef\u00f6rderungen aussprechen; so wurden seine Stellvertreter Nicholas Gafron und Paul Kahl zu Stadtbrandinspektoren und der Urfelder L\u00f6schzugf\u00fchrer Stephan Hahn zum Brandoberinspektor ernannt. F\u00fcr die musikalische Umrahmung des Festkommers sorgte die junge Pianistin Katja Grigorjewa, eine Sch\u00fclerin des K\u00e4the-Kollwitz-Gymnasiums.<\/p>\n","protected":false},"excerpt":{"rendered":"<p>&#8222;Eine starke Truppe, auf die wir stolz sein k\u00f6nnen und auch sind&#8220; &#8222;Wesseling hat hervorragend ausgebildete Feuerwehrleute; die B\u00fcrgerinnen und B\u00fcrger der Stadt haben gro\u00dfes Vertrauen in ihre Wehr. Und &#8230; <a title=\"Jubilarenehrung und Festkommers der Feuerwehr Wesseling\" class=\"read-more\" href=\"https:\/\/feuerwehr-wesseling.de\/?p=417\" aria-label=\"Mehr Informationen \u00fcber Jubilarenehrung und Festkommers der Feuerwehr Wesseling\">Weiterlesen<\/a><\/p>\n","protected":false},"author":1,"featured_media":416,"comment_status":"closed","ping_status":"open","sticky":false,"template":"","format":"standard","meta":{"_price":"","_stock":"","_tribe_ticket_header":"","_tribe_default_ticket_provider":"","_ticket_start_date":"","_ticket_end_date":"","_tribe_ticket_show_description":"","_tribe_ticket_show_not_going":false,"_tribe_ticket_use_global_stock":"","_tribe_ticket_global_stock_level":"","_global_stock_mode":"","_global_stock_cap":"","_tribe_rsvp_for_event":"","_tribe_ticket_going_count":"","_tribe_ticket_not_going_count":"","_tribe_tickets_list":"[]","_tribe_ticket_has_attendee_info_fields":false,"footnotes":""},"categories":[76],"tags":[],"class_list":["post-417","post","type-post","status-publish","format-standard","has-post-thumbnail","hentry","category-pressemitteilung-news"],"_links":{"self":[{"href":"https:\/\/feuerwehr-wesseling.de\/index.php?rest_route=\/wp\/v2\/posts\/417","targetHints":{"allow":["GET"]}}],"collection":[{"href":"https:\/\/feuerwehr-wesseling.de\/index.php?rest_route=\/wp\/v2\/posts"}],"about":[{"href":"https:\/\/feuerwehr-wesseling.de\/index.php?rest_route=\/wp\/v2\/types\/post"}],"author":[{"embeddable":true,"href":"https:\/\/feuerwehr-wesseling.de\/index.php?rest_route=\/wp\/v2\/users\/1"}],"replies":[{"embeddable":true,"href":"https:\/\/feuerwehr-wesseling.de\/index.php?rest_route=%2Fwp%2Fv2%2Fcomments&post=417"}],"version-history":[{"count":0,"href":"https:\/\/feuerwehr-wesseling.de\/index.php?rest_route=\/wp\/v2\/posts\/417\/revisions"}],"wp:featuredmedia":[{"embeddable":true,"href":"https:\/\/feuerwehr-wesseling.de\/index.php?rest_route=\/wp\/v2\/media\/416"}],"wp:attachment":[{"href":"https:\/\/feuerwehr-wesseling.de\/index.php?rest_route=%2Fwp%2Fv2%2Fmedia&parent=417"}],"wp:term":[{"taxonomy":"category","embeddable":true,"href":"https:\/\/feuerwehr-wesseling.de\/index.php?rest_route=%2Fwp%2Fv2%2Fcategories&post=417"},{"taxonomy":"post_tag","embeddable":true,"href":"https:\/\/feuerwehr-wesseling.de\/index.php?rest_route=%2Fwp%2Fv2%2Ftags&post=417"}],"curies":[{"name":"wp","href":"https:\/\/api.w.org\/{rel}","templated":true}]}}