{"id":419,"date":"2007-10-12T06:23:14","date_gmt":"2007-10-12T06:23:14","guid":{"rendered":"http:\/\/rettungsdienst-wesseling.de\/?p=419"},"modified":"2007-10-12T06:23:14","modified_gmt":"2007-10-12T06:23:14","slug":"niemand-verletzt-q-oelbrenner-stand-in-flammen-q","status":"publish","type":"post","link":"https:\/\/feuerwehr-wesseling.de\/?p=419","title":{"rendered":"Niemand verletzt &#8220; \u00d6lbrenner stand in Flammen &#8222;"},"content":{"rendered":"<p>Urfeld (mm). Weil der \u00d6lbrenner einer Heizung in Flammen stand, musste die Feuerwehr am Sonntag Abend in die Stra\u00dfe\u00a0 \u201cAm hohen Ram\u201c ausr\u00fccken. Beim Eintreffen der Brandbek\u00e4mpfer hatten sich zum Gl\u00fcck schon alle Hausbewohner in Sicherheit gebracht und die Feuerwehr hatte den Brand schnell unter Kontrolle. <\/p>\n<p> Auch beim Gro\u00dfeinsatz nach zahlreichen \u00dcberflutungen im Kreis Euskirchen waren Wesselinger beteiligt: 17 M\u00e4nner des Berzdorfer L\u00f6schzuges waren im Stadtgebiet von Euskirchen \u00fcber zehn Stunden im Einsatz, um vollgelaufene Keller auszupumpen <\/p>\n<p> Quelle: Werbekurier<\/p>\n","protected":false},"excerpt":{"rendered":"<p>Urfeld (mm). Weil der \u00d6lbrenner einer Heizung in Flammen stand, musste die Feuerwehr am Sonntag Abend in die Stra\u00dfe\u00a0 \u201cAm hohen Ram\u201c ausr\u00fccken. Beim Eintreffen der Brandbek\u00e4mpfer hatten sich zum &#8230; <a title=\"Niemand verletzt &#8220; \u00d6lbrenner stand in Flammen &#8222;\" class=\"read-more\" href=\"https:\/\/feuerwehr-wesseling.de\/?p=419\" aria-label=\"Mehr Informationen \u00fcber Niemand verletzt &#8220; \u00d6lbrenner stand in Flammen &#8222;\">Weiterlesen<\/a><\/p>\n","protected":false},"author":1,"featured_media":0,"comment_status":"closed","ping_status":"open","sticky":false,"template":"","format":"standard","meta":{"_price":"","_stock":"","_tribe_ticket_header":"","_tribe_default_ticket_provider":"","_ticket_start_date":"","_ticket_end_date":"","_tribe_ticket_show_description":"","_tribe_ticket_show_not_going":false,"_tribe_ticket_use_global_stock":"","_tribe_ticket_global_stock_level":"","_global_stock_mode":"","_global_stock_cap":"","_tribe_rsvp_for_event":"","_tribe_ticket_going_count":"","_tribe_ticket_not_going_count":"","_tribe_tickets_list":"[]","_tribe_ticket_has_attendee_info_fields":false,"footnotes":""},"categories":[76],"tags":[],"class_list":["post-419","post","type-post","status-publish","format-standard","hentry","category-pressemitteilung-news"],"_links":{"self":[{"href":"https:\/\/feuerwehr-wesseling.de\/index.php?rest_route=\/wp\/v2\/posts\/419","targetHints":{"allow":["GET"]}}],"collection":[{"href":"https:\/\/feuerwehr-wesseling.de\/index.php?rest_route=\/wp\/v2\/posts"}],"about":[{"href":"https:\/\/feuerwehr-wesseling.de\/index.php?rest_route=\/wp\/v2\/types\/post"}],"author":[{"embeddable":true,"href":"https:\/\/feuerwehr-wesseling.de\/index.php?rest_route=\/wp\/v2\/users\/1"}],"replies":[{"embeddable":true,"href":"https:\/\/feuerwehr-wesseling.de\/index.php?rest_route=%2Fwp%2Fv2%2Fcomments&post=419"}],"version-history":[{"count":0,"href":"https:\/\/feuerwehr-wesseling.de\/index.php?rest_route=\/wp\/v2\/posts\/419\/revisions"}],"wp:attachment":[{"href":"https:\/\/feuerwehr-wesseling.de\/index.php?rest_route=%2Fwp%2Fv2%2Fmedia&parent=419"}],"wp:term":[{"taxonomy":"category","embeddable":true,"href":"https:\/\/feuerwehr-wesseling.de\/index.php?rest_route=%2Fwp%2Fv2%2Fcategories&post=419"},{"taxonomy":"post_tag","embeddable":true,"href":"https:\/\/feuerwehr-wesseling.de\/index.php?rest_route=%2Fwp%2Fv2%2Ftags&post=419"}],"curies":[{"name":"wp","href":"https:\/\/api.w.org\/{rel}","templated":true}]}}