{"id":420,"date":"2007-10-02T10:55:19","date_gmt":"2007-10-02T10:55:19","guid":{"rendered":"http:\/\/rettungsdienst-wesseling.de\/?p=420"},"modified":"2007-10-02T10:55:19","modified_gmt":"2007-10-02T10:55:19","slug":"brand-in-der-passage-flach-fengler-strasse","status":"publish","type":"post","link":"https:\/\/feuerwehr-wesseling.de\/?p=420","title":{"rendered":"Brand in der Passage Flach-Fengler-Stra\u00dfe"},"content":{"rendered":"<div class=\"intro\"><strong>Zu einem Brand in der Flach-Fengler-Stra\u00dfe r\u00fcckte die Feuerwehr Wesseling am gestrigen Dienstag um 19.23 Uhr aus. In der Passage der Flach-Fengler Str. 62 &#8211; 64 brannte es in einem B\u00fcroraum des dortigen Mobilcom -Gesch\u00e4ftes im Erdgeschoss .<br \/> <\/strong><\/div>\n<div><a name=\"a0\"><\/a> <\/p>\n<p> Die Glast\u00fcr zum Gesch\u00e4ft musste gewaltsam ge\u00f6ffnet werden, um an den Brandherd zu gelangen. Zur Brandbek\u00e4mpfung r\u00fcckten zwei Trupps unter schwerem Atemschutz mit einem C- Strahlrohr vor. Ein weiterer Trupp ging \u00fcber das Treppenhaus vor und kontrollierte die dar\u00fcber liegenden Wohneinheiten und die Arztpraxen. Der Keller wurde von einem vierten Trupp kontrolliert.<\/p>\n<\/p><\/div>\n<p>  <!--more-->  <\/p>\n<p>Vier Personen wurden aus den Wohneinheiten evakuiert und vom Rettungsdienst ( Notarzt &amp; Rettungsassistenten ) untersucht bzw. betreut. Verletzt wurde niemand.\u00a0 <\/p>\n<p> Nachdem das Feuer gel\u00f6scht war,\u00a0 wurde die Zwischendecke ge\u00f6ffnet und mit einer W\u00e4rmebildkamera kontrolliert. Die B\u00e4ckerei sowie auch die dortige B\u00fccherei wurden ebenfalls kontrolliert.<\/p>\n<p>Nach Abschluss der Brandbek\u00e4mpfung sowie der Kontrolle der Flure und des Treppenhauses konnten alle Bewohner wieder in ihre Wohnungen zur\u00fcck.<\/p>\n<p> Die GVG wurde nach Einsatzende verst\u00e4ndigt,\u00a0 um die Gasversorgung des Geb\u00e4udes wieder in Betrieb zu nehmen, da diese von der Feuerwehr abgesperrt worden war.<\/p>\n<p> Die Einsatzstelle wurde anschlie\u00dfend an die Polizei Wesseling \u00fcbergeben!<\/p>\n<p> Insgesamt waren\u00a0 48 Feuerwehrleute unter Leitung von Paul Kahl\u00a0 im Einsatz. Zudem waren der Atemschutzcontainer der Feuerwehr Frechen und ein zus\u00e4tzlicher Rettungswagen aus Bornheim angefordert worden.<\/p>\n","protected":false},"excerpt":{"rendered":"<p>Zu einem Brand in der Flach-Fengler-Stra\u00dfe r\u00fcckte die Feuerwehr Wesseling am gestrigen Dienstag um 19.23 Uhr aus. In der Passage der Flach-Fengler Str. 62 &#8211; 64 brannte es in einem &#8230; <a title=\"Brand in der Passage Flach-Fengler-Stra\u00dfe\" class=\"read-more\" href=\"https:\/\/feuerwehr-wesseling.de\/?p=420\" aria-label=\"Mehr Informationen \u00fcber Brand in der Passage Flach-Fengler-Stra\u00dfe\">Weiterlesen<\/a><\/p>\n","protected":false},"author":1,"featured_media":0,"comment_status":"closed","ping_status":"open","sticky":false,"template":"","format":"standard","meta":{"_price":"","_stock":"","_tribe_ticket_header":"","_tribe_default_ticket_provider":"","_ticket_start_date":"","_ticket_end_date":"","_tribe_ticket_show_description":"","_tribe_ticket_show_not_going":false,"_tribe_ticket_use_global_stock":"","_tribe_ticket_global_stock_level":"","_global_stock_mode":"","_global_stock_cap":"","_tribe_rsvp_for_event":"","_tribe_ticket_going_count":"","_tribe_ticket_not_going_count":"","_tribe_tickets_list":"[]","_tribe_ticket_has_attendee_info_fields":false,"footnotes":""},"categories":[76],"tags":[],"class_list":["post-420","post","type-post","status-publish","format-standard","hentry","category-pressemitteilung-news"],"_links":{"self":[{"href":"https:\/\/feuerwehr-wesseling.de\/index.php?rest_route=\/wp\/v2\/posts\/420","targetHints":{"allow":["GET"]}}],"collection":[{"href":"https:\/\/feuerwehr-wesseling.de\/index.php?rest_route=\/wp\/v2\/posts"}],"about":[{"href":"https:\/\/feuerwehr-wesseling.de\/index.php?rest_route=\/wp\/v2\/types\/post"}],"author":[{"embeddable":true,"href":"https:\/\/feuerwehr-wesseling.de\/index.php?rest_route=\/wp\/v2\/users\/1"}],"replies":[{"embeddable":true,"href":"https:\/\/feuerwehr-wesseling.de\/index.php?rest_route=%2Fwp%2Fv2%2Fcomments&post=420"}],"version-history":[{"count":0,"href":"https:\/\/feuerwehr-wesseling.de\/index.php?rest_route=\/wp\/v2\/posts\/420\/revisions"}],"wp:attachment":[{"href":"https:\/\/feuerwehr-wesseling.de\/index.php?rest_route=%2Fwp%2Fv2%2Fmedia&parent=420"}],"wp:term":[{"taxonomy":"category","embeddable":true,"href":"https:\/\/feuerwehr-wesseling.de\/index.php?rest_route=%2Fwp%2Fv2%2Fcategories&post=420"},{"taxonomy":"post_tag","embeddable":true,"href":"https:\/\/feuerwehr-wesseling.de\/index.php?rest_route=%2Fwp%2Fv2%2Ftags&post=420"}],"curies":[{"name":"wp","href":"https:\/\/api.w.org\/{rel}","templated":true}]}}