{"id":421,"date":"2007-08-27T11:34:26","date_gmt":"2007-08-27T11:34:26","guid":{"rendered":"http:\/\/rettungsdienst-wesseling.de\/?p=421"},"modified":"2007-08-27T11:34:26","modified_gmt":"2007-08-27T11:34:26","slug":"die-retter-standen-im-regen","status":"publish","type":"post","link":"https:\/\/feuerwehr-wesseling.de\/?p=421","title":{"rendered":"Die Retter standen im Regen"},"content":{"rendered":"<p>Dass sie die Grundlagen beherrschen zeigten die L\u00f6schgruppen beim Kreisfeuerwehrtag am Kronenweg in Wesseling. <\/p>\n<p> Rhein-Erft-Kreis &#8211; In einer langen Reihe standen viele L\u00f6schfahrzeuge aus dem ganzen Kreis auf dem gesperrten Kronenweg an der Feuerwache Wesseling. Gruppen sprangen f\u00fcr einen \u201eL\u00f6schangriff\u201c aus den Fahrzeugen, w\u00e4hrend die anderen interessiert zuschauten. M\u00f6glichst schnell wurden Schl\u00e4uche unterschiedlicher Gr\u00f6\u00dfe \u00fcber den Kronenweg ausgerollt und zusammengesetzt.<\/p>\n<p>  <!--more-->  <\/p>\n<p>Nach dem \u201eWasser marsch\u201c hielten die Wehrleute mit drei Schl\u00e4uchen auf Schilder und warfen sie durch den Wasserdruck um. Damit war der Einsatz schon beendet, und w\u00e4hrend die eine Gruppe die Schl\u00e4uche einrollte und die Schiedsrichter die Ergebnisse notierten, wurde der n\u00e4chste Feuerwehrwagen vorgesetzt, und es begann die n\u00e4chste Gruppe mit der \u00dcbung. \u201eDer L\u00f6schangriff ist eine Grund\u00fcbung, aber es f\u00e4llt schon auf, wenn sich jemand mit dem Material nicht richtig besch\u00e4ftigt\u201c, erkl\u00e4rte Kreisbrandmeister Ludwig Bodden. <\/p>\n<p class=\"mode9\">Ein bisschen aufgeregt<\/p>\n<p>Zur \u00dcbung angetreten waren auch drei Gruppen des L\u00f6schzuges aus Bedburg. Mit dabei war die 20-j\u00e4hrige Sandra Vogel, die erkl\u00e4rte: \u201eIch war schon ein bisschen aufgeregt vor den \u00dcbungen, aber ich habe mich vor allem auf das Wiedersehen mit den Feuerwehrleuten aus den anderen St\u00e4dten gefreut.\u201c Zusammen mit ihrem 19-j\u00e4hrigen Bruder Rene machte sie zum zweiten Mal beim Kreisfeuerwehrtag mit.<\/p>\n<p> Einige Wochen lang hatten die Gruppen die vorher bekannte gegebenen \u00dcbungen trainiert und sich einige Tipps abgeholt: \u201eWir haben das Werfen des Schlauchs noch einmal ge\u00fcbt und den Tipp bekommen, lieber einen Schlauch mehr mit nach vorne zu nehmen, damit nichts schief l\u00e4uft\u201c. Ge\u00fcbt hatte die Gruppe auch das Retten eine Person, die unter einem Container eingeklemmt ist. Mit dem technischen Material mussten die Feuerwehrgruppen an einer weiteren Station diese Situation unter den Blicken der Pr\u00fcfer bew\u00e4ltigen. \u201eAber im Gegensatz zu diesen praktischen \u00dcbungen, wei\u00df man bei der theoretischen Pr\u00fcfung ja nie was kommt\u201c, warf Rene Vogel ein. Bei dem theoretischen Test musste jeder Feuerwehrmann drei Fragen beantworten, dann wurde das Ergebnis der Gruppe gewertet. Das galt auch f\u00fcr den Staffellauf, bei dem die Wehrleute in Montur auf der Bahn im Ulrike-Meyfarth-Stadion ihre Runden drehten. Die drei Bedburger Gruppen schafften alle \u00dcbungen ohne Probleme und gingen dann scherzend gemeinsam in die Wesselinger Feuerwache zum Mittagessen. \u201eUns ist bei allen \u00dcbungen die Gemeinschaft am wichtigsten und die wollen wir vor allem f\u00f6rdern\u201c, betonte der Kreisbrandmeister. Daher bekommen alle Gruppen, die die \u00dcbungen erfolgreich absolviert haben, ein Leistungsabzeichen. Einen Sieger gibt es nicht. Drei Pokale wurden dennoch \u00fcberreicht. Zwei konnte der L\u00f6schzug aus Bedburg mitnehmen, da er die \u201ej\u00fcngste Gruppe\u201c mit einem Durchschnittsalter von 19 Jahren und die \u201e\u00e4lteste Gruppe\u201c mit einem Durchschnittsalter von 50 Jahren gestellt hatte. Die Gruppe mit den meisten Frauen (vier von zehn) kommt vom L\u00f6schgruppe Bergheim- Paffendorf.<\/p>\n<p> Die Zahl der Feuerwehrleute im Kreis insgesamt steigt, auch die Zahl der Frauen bei der Wehr: Bodden: \u201eAus beruflichen Gr\u00fcnden ist heute im Durchschnitt nur noch ein F\u00fcnftel der aktiven Feuerwehrleute bei einem Einsatz wirklich vor Ort und nicht mehr ein Drittel, wie vor wenigen Jahren.\u201c<\/p>\n<p> Quelle: K\u00f6lner Stadtanzeiger<\/p>\n","protected":false},"excerpt":{"rendered":"<p>Dass sie die Grundlagen beherrschen zeigten die L\u00f6schgruppen beim Kreisfeuerwehrtag am Kronenweg in Wesseling. Rhein-Erft-Kreis &#8211; In einer langen Reihe standen viele L\u00f6schfahrzeuge aus dem ganzen Kreis auf dem gesperrten &#8230; <a title=\"Die Retter standen im Regen\" class=\"read-more\" href=\"https:\/\/feuerwehr-wesseling.de\/?p=421\" aria-label=\"Mehr Informationen \u00fcber Die Retter standen im Regen\">Weiterlesen<\/a><\/p>\n","protected":false},"author":1,"featured_media":0,"comment_status":"closed","ping_status":"open","sticky":false,"template":"","format":"standard","meta":{"_price":"","_stock":"","_tribe_ticket_header":"","_tribe_default_ticket_provider":"","_ticket_start_date":"","_ticket_end_date":"","_tribe_ticket_show_description":"","_tribe_ticket_show_not_going":false,"_tribe_ticket_use_global_stock":"","_tribe_ticket_global_stock_level":"","_global_stock_mode":"","_global_stock_cap":"","_tribe_rsvp_for_event":"","_tribe_ticket_going_count":"","_tribe_ticket_not_going_count":"","_tribe_tickets_list":"[]","_tribe_ticket_has_attendee_info_fields":false,"footnotes":""},"categories":[76],"tags":[],"class_list":["post-421","post","type-post","status-publish","format-standard","hentry","category-pressemitteilung-news"],"_links":{"self":[{"href":"https:\/\/feuerwehr-wesseling.de\/index.php?rest_route=\/wp\/v2\/posts\/421","targetHints":{"allow":["GET"]}}],"collection":[{"href":"https:\/\/feuerwehr-wesseling.de\/index.php?rest_route=\/wp\/v2\/posts"}],"about":[{"href":"https:\/\/feuerwehr-wesseling.de\/index.php?rest_route=\/wp\/v2\/types\/post"}],"author":[{"embeddable":true,"href":"https:\/\/feuerwehr-wesseling.de\/index.php?rest_route=\/wp\/v2\/users\/1"}],"replies":[{"embeddable":true,"href":"https:\/\/feuerwehr-wesseling.de\/index.php?rest_route=%2Fwp%2Fv2%2Fcomments&post=421"}],"version-history":[{"count":0,"href":"https:\/\/feuerwehr-wesseling.de\/index.php?rest_route=\/wp\/v2\/posts\/421\/revisions"}],"wp:attachment":[{"href":"https:\/\/feuerwehr-wesseling.de\/index.php?rest_route=%2Fwp%2Fv2%2Fmedia&parent=421"}],"wp:term":[{"taxonomy":"category","embeddable":true,"href":"https:\/\/feuerwehr-wesseling.de\/index.php?rest_route=%2Fwp%2Fv2%2Fcategories&post=421"},{"taxonomy":"post_tag","embeddable":true,"href":"https:\/\/feuerwehr-wesseling.de\/index.php?rest_route=%2Fwp%2Fv2%2Ftags&post=421"}],"curies":[{"name":"wp","href":"https:\/\/api.w.org\/{rel}","templated":true}]}}