{"id":469,"date":"2011-07-12T08:34:56","date_gmt":"2011-07-12T08:34:56","guid":{"rendered":"http:\/\/rettungsdienst-wesseling.de\/?p=469"},"modified":"2011-07-12T08:34:56","modified_gmt":"2011-07-12T08:34:56","slug":"schranken-fuer-mehr-sicherheit","status":"publish","type":"post","link":"https:\/\/feuerwehr-wesseling.de\/?p=469","title":{"rendered":"Schranken f\u00fcr mehr Sicherheit"},"content":{"rendered":"<p>Wesseling. Seit dem 01.07.2011 ist ein Schrankensystem auf der L300 installiert. Es erg\u00e4nzt die Signalanlagen im Bereich der Einm\u00fcndung<br \/>Kerkrader Stra\u00dfe und der Zufahrt Br\u00fchler Stra\u00dfe, die bei einer betrieblichen St\u00f6rung bei Evonik geschaltet werden. Evonik hat das Schrankensystem als zus\u00e4tzliche Sperrm\u00f6glichkeit der Hochstra\u00dfe errichten lassen, die \u00fcber das Werksgel\u00e4nde f\u00fchrt. Diese Ma\u00dfnahme wurde unter anderem mit der Stadt Wesseling, Stra\u00dfen NRW, der Feuerwehr Wesseling, der Berufsfeuerwehr der Stadt K\u00f6ln und der Wesselinger und K\u00f6lner Polizei abgestimmt.<\/p>\n<p>  <!--more-->  <\/p>\n<p>Jeweils drei Schranken sollen daf\u00fcr Sorge tragen, dass bei einer&nbsp; betrieblichen St\u00f6rung der Zugang zum Abschnitt der Hochstra\u00dfe sowohl f\u00fcr Autofahrer als auch f\u00fcr Fu\u00dfg\u00e4nger und Radfahrer verhindert wird. Zus\u00e4tzlich fordert die Signalanlage wie bisher alle Verkehrsteilnehmer durch rote Leuchten und Schilder zum Anhalten auf. Die Schranken werden manuell durch die Werkfeuerwehr von Evonik heruntergelassen. Zuerst werden die Zugangswege in beide Richtungen auf die Hochstra\u00dfe gesperrt. Wenn alle Verkehrsteilnehmer die Stra\u00dfe verlassen haben, werden auch die Schranken auf den Abfahrtswegen heruntergelassen.<\/p>\n<p> \u201eAn dieser Stelle war nach einem Vorfall im vergangenen Jahr Handlungsbedarf. In Zusammenarbeit mit den verschiedenen Beh\u00f6rden konnten wir unseren Vorschlag zur Verbesserung der Situation an der L300 umsetzten und somit f\u00fcr eine zeitgem\u00e4\u00dfe M\u00f6glichkeit der Absperrung auf diesem Teilabschnitt sorgen\u201c betont Dr. Gerd Wolter, Standortleiter von Evonik in Wesseling.<\/p>\n<p>Pressemitteilung der Evonik&nbsp; Degussa GmbH<\/p>\n","protected":false},"excerpt":{"rendered":"<p>Wesseling. Seit dem 01.07.2011 ist ein Schrankensystem auf der L300 installiert. Es erg\u00e4nzt die Signalanlagen im Bereich der Einm\u00fcndungKerkrader Stra\u00dfe und der Zufahrt Br\u00fchler Stra\u00dfe, die bei einer betrieblichen St\u00f6rung &#8230; <a title=\"Schranken f\u00fcr mehr Sicherheit\" class=\"read-more\" href=\"https:\/\/feuerwehr-wesseling.de\/?p=469\" aria-label=\"Mehr Informationen \u00fcber Schranken f\u00fcr mehr Sicherheit\">Weiterlesen<\/a><\/p>\n","protected":false},"author":1,"featured_media":0,"comment_status":"closed","ping_status":"open","sticky":false,"template":"","format":"standard","meta":{"_price":"","_stock":"","_tribe_ticket_header":"","_tribe_default_ticket_provider":"","_ticket_start_date":"","_ticket_end_date":"","_tribe_ticket_show_description":"","_tribe_ticket_show_not_going":false,"_tribe_ticket_use_global_stock":"","_tribe_ticket_global_stock_level":"","_global_stock_mode":"","_global_stock_cap":"","_tribe_rsvp_for_event":"","_tribe_ticket_going_count":"","_tribe_ticket_not_going_count":"","_tribe_tickets_list":"[]","_tribe_ticket_has_attendee_info_fields":false,"footnotes":""},"categories":[76],"tags":[],"class_list":["post-469","post","type-post","status-publish","format-standard","hentry","category-pressemitteilung-news"],"_links":{"self":[{"href":"https:\/\/feuerwehr-wesseling.de\/index.php?rest_route=\/wp\/v2\/posts\/469","targetHints":{"allow":["GET"]}}],"collection":[{"href":"https:\/\/feuerwehr-wesseling.de\/index.php?rest_route=\/wp\/v2\/posts"}],"about":[{"href":"https:\/\/feuerwehr-wesseling.de\/index.php?rest_route=\/wp\/v2\/types\/post"}],"author":[{"embeddable":true,"href":"https:\/\/feuerwehr-wesseling.de\/index.php?rest_route=\/wp\/v2\/users\/1"}],"replies":[{"embeddable":true,"href":"https:\/\/feuerwehr-wesseling.de\/index.php?rest_route=%2Fwp%2Fv2%2Fcomments&post=469"}],"version-history":[{"count":0,"href":"https:\/\/feuerwehr-wesseling.de\/index.php?rest_route=\/wp\/v2\/posts\/469\/revisions"}],"wp:attachment":[{"href":"https:\/\/feuerwehr-wesseling.de\/index.php?rest_route=%2Fwp%2Fv2%2Fmedia&parent=469"}],"wp:term":[{"taxonomy":"category","embeddable":true,"href":"https:\/\/feuerwehr-wesseling.de\/index.php?rest_route=%2Fwp%2Fv2%2Fcategories&post=469"},{"taxonomy":"post_tag","embeddable":true,"href":"https:\/\/feuerwehr-wesseling.de\/index.php?rest_route=%2Fwp%2Fv2%2Ftags&post=469"}],"curies":[{"name":"wp","href":"https:\/\/api.w.org\/{rel}","templated":true}]}}