{"id":476,"date":"2011-04-07T11:42:06","date_gmt":"2011-04-07T11:42:06","guid":{"rendered":"http:\/\/rettungsdienst-wesseling.de\/?p=476"},"modified":"2011-04-07T11:42:06","modified_gmt":"2011-04-07T11:42:06","slug":"merkel-lob-fuer-ehrenamtsarbeit-in-feuerwehren","status":"publish","type":"post","link":"https:\/\/feuerwehr-wesseling.de\/?p=476","title":{"rendered":"Frau Merkel &#8222;Lob f\u00fcr Ehrenamtsarbeit in Feuerwehren&#8220;"},"content":{"rendered":"<p><img loading=\"lazy\" decoding=\"async\" class=\" alignleft size-full wp-image-262\" style=\"margin: 5px; float: left;\" alt=\"DFV-Logo\" src=\"http:\/\/rettungsdienst-wesseling.de\/wp-content\/uploads\/2011\/04\/DFV-Logo.gif\" height=\"91\" width=\"197\" \/>Vier Feuerwehrangeh\u00f6rige bei Empfang der Bundeskanzlerin in Berlin<\/p>\n<p>Berlin \u2013 Lob f\u00fcr die ehrenamtliche Arbeit, die mehr als 23 Millionen Menschen in Deutschland leisten, sprach Bundeskanzlerin Angela Merkel bei einem Empfang in Berlin aus. Stellvertretend f\u00fcr die mehr als eine Million Feuerwehrangeh\u00f6rigen, die bundesweit aktiv sind, waren je zwei junge Feuerwehrfrauen und -m\u00e4nner ins Bundeskanzleramt eingeladen worden. In ihrer Rede vor den rund 200 G\u00e4sten f\u00fchrte die Bundeskanzlerin die Feuerwehr mehrfach als gutes Beispiel f\u00fcr erfolgreiche ehrenamtliche Arbeit auf. \u201eWir freuen uns \u00fcber die Wertsch\u00e4tzung, die das ,Netz der Helfenden H\u00e4nde&#8216; dadurch erf\u00e4hrt&#8220;, erkl\u00e4rt Hans-Peter Kr\u00f6ger, Pr\u00e4sident des Deutschen Feuerwehrbandes (DFV).<\/p>\n<p>  <!--more-->  <\/p>\n<p>Angela Merkel lobte die Zusammenarbeit von Freiwilligen und Berufsfeuerwehren: \u201eB\u00fcrgerschaftliches Engagement soll also mit Professionalit\u00e4t Hand in Hand gehen. Wir kennen das zum Beispiel von der Freiwilligen Feuerwehr und der Berufsfeuerwehr. Da gibt es staatliche Leistungen, wie Ausr\u00fcstung und Ger\u00e4tschaften, und gleichzeitig die Bereitschaft der Arbeitgeber, Freistellungen vorzunehmen&#8220;, erl\u00e4uterte sie.<\/p>\n<p>Unter dem Motto \u201eGemeinsam geht&#8217;s \u2013 Menschen helfen Menschen&#8220; waren Vertreterinnen und Vertreter aller Ehrenamtsrichtungen nach Berlin eingeladen worden. Neben der Vielfalt des m\u00f6glichen Engagements wies die Bundeskanzlerin auch auf die Vielfalt der Engagierten hin \u2013 und das Potenzial, das es hier noch weiter auszusch\u00f6pfen gilt: \u201eEs gibt nat\u00fcrlich das Thema, dass viele Migranten in den klassischen Bereichen des Ehrenamts noch l\u00e4ngst nicht so engagiert sind, wie wir es in Deutschland kennen und wie es ihrem Anteil an der Bev\u00f6lkerung entspricht. Der Anteil von Migrantinnen und Migranten zum Beispiel in der Jugendfeuerwehr oder im THW ist sehr, sehr gering. Das entspricht nicht so sehr der Tradition. Ich glaube, alle Ehrenamtlichen sollten auch offen f\u00fcr diejenigen sein, die vielleicht noch nicht auf die Idee gekommen sind, so etwas zu machen.&#8220;<\/p>\n<p>Quelle: DFV<\/p>\n","protected":false},"excerpt":{"rendered":"<p>Vier Feuerwehrangeh\u00f6rige bei Empfang der Bundeskanzlerin in Berlin Berlin \u2013 Lob f\u00fcr die ehrenamtliche Arbeit, die mehr als 23 Millionen Menschen in Deutschland leisten, sprach Bundeskanzlerin Angela Merkel bei einem &#8230; <a title=\"Frau Merkel &#8222;Lob f\u00fcr Ehrenamtsarbeit in Feuerwehren&#8220;\" class=\"read-more\" href=\"https:\/\/feuerwehr-wesseling.de\/?p=476\" aria-label=\"Mehr Informationen \u00fcber Frau Merkel &#8222;Lob f\u00fcr Ehrenamtsarbeit in Feuerwehren&#8220;\">Weiterlesen<\/a><\/p>\n","protected":false},"author":1,"featured_media":262,"comment_status":"closed","ping_status":"open","sticky":false,"template":"","format":"standard","meta":{"_price":"","_stock":"","_tribe_ticket_header":"","_tribe_default_ticket_provider":"","_ticket_start_date":"","_ticket_end_date":"","_tribe_ticket_show_description":"","_tribe_ticket_show_not_going":false,"_tribe_ticket_use_global_stock":"","_tribe_ticket_global_stock_level":"","_global_stock_mode":"","_global_stock_cap":"","_tribe_rsvp_for_event":"","_tribe_ticket_going_count":"","_tribe_ticket_not_going_count":"","_tribe_tickets_list":"[]","_tribe_ticket_has_attendee_info_fields":false,"footnotes":""},"categories":[76],"tags":[],"class_list":["post-476","post","type-post","status-publish","format-standard","has-post-thumbnail","hentry","category-pressemitteilung-news"],"_links":{"self":[{"href":"https:\/\/feuerwehr-wesseling.de\/index.php?rest_route=\/wp\/v2\/posts\/476","targetHints":{"allow":["GET"]}}],"collection":[{"href":"https:\/\/feuerwehr-wesseling.de\/index.php?rest_route=\/wp\/v2\/posts"}],"about":[{"href":"https:\/\/feuerwehr-wesseling.de\/index.php?rest_route=\/wp\/v2\/types\/post"}],"author":[{"embeddable":true,"href":"https:\/\/feuerwehr-wesseling.de\/index.php?rest_route=\/wp\/v2\/users\/1"}],"replies":[{"embeddable":true,"href":"https:\/\/feuerwehr-wesseling.de\/index.php?rest_route=%2Fwp%2Fv2%2Fcomments&post=476"}],"version-history":[{"count":0,"href":"https:\/\/feuerwehr-wesseling.de\/index.php?rest_route=\/wp\/v2\/posts\/476\/revisions"}],"wp:featuredmedia":[{"embeddable":true,"href":"https:\/\/feuerwehr-wesseling.de\/index.php?rest_route=\/wp\/v2\/media\/262"}],"wp:attachment":[{"href":"https:\/\/feuerwehr-wesseling.de\/index.php?rest_route=%2Fwp%2Fv2%2Fmedia&parent=476"}],"wp:term":[{"taxonomy":"category","embeddable":true,"href":"https:\/\/feuerwehr-wesseling.de\/index.php?rest_route=%2Fwp%2Fv2%2Fcategories&post=476"},{"taxonomy":"post_tag","embeddable":true,"href":"https:\/\/feuerwehr-wesseling.de\/index.php?rest_route=%2Fwp%2Fv2%2Ftags&post=476"}],"curies":[{"name":"wp","href":"https:\/\/api.w.org\/{rel}","templated":true}]}}