{"id":582,"date":"2015-04-03T22:00:00","date_gmt":"2015-04-03T22:00:00","guid":{"rendered":"http:\/\/rettungsdienst-wesseling.de\/?p=582"},"modified":"2015-04-03T22:00:00","modified_gmt":"2015-04-03T22:00:00","slug":"probealarm-der-hochleistungssirenen-4","status":"publish","type":"post","link":"https:\/\/feuerwehr-wesseling.de\/?p=582","title":{"rendered":"Am Samstag \u2013 Probealarm der Hochleistungssirenen"},"content":{"rendered":"<p><img loading=\"lazy\" decoding=\"async\" class=\" alignleft size-full wp-image-503\" style=\"margin: 5px; float: left;\" alt=\"311x390.pm0.bgffffff\" src=\"http:\/\/rettungsdienst-wesseling.de\/wp-content\/uploads\/2012\/03\/311x390.pm0_.bgffffff.jpg\" width=\"150\" height=\"188\" \/>Wesseling. (wpd\/ad) Am Samstag, 04.April, wird um 12 Uhr in Wesseling ein Probealarm der Hochleistungssirenen durchgef\u00fchrt. Die Sirenen werden wie in fast allen Nachbarkommunen ausgel\u00f6st, um sie auf ihre Funktion und Lautst\u00e4rke hin zu \u00fcberpr\u00fcfen, und um die Bev\u00f6lkerung auf die Bedeutung der Sirenensignale aufmerksam zu machen.<\/p>\n<p>  <!--more-->  <\/p>\n<p>Dieser Probealarm erfolgt in Absprache mit der Stadt K\u00f6ln und der Bezirksregierung und wird viertelj\u00e4hrlich durchgef\u00fchrt.<\/p>\n<p>Das erste Signal, um 12:00 Uhr, wird ein einmin\u00fctiger Dauerton sein, dieser bedeutet \u201eEntwarnung\u201c. <\/p>\n<p>Um 12:06 Uhr erfolgt f\u00fcr eine Minute ein auf- und abschwellender Heulton, das eigentliche Warnsignal \u201eGefahr\u201c. Im Ernstfall bedeutet dieses, dass Fenster und T\u00fcren zu schlie\u00dfen sind, Klimaanlagen und Bel\u00fcftungen auszuschalten und das Radio (f\u00fcr Wesseling Radio Erft und WDR 2) f\u00fcr Warnhinweise einzuschalten ist.<\/p>\n<p>Um 12:15 Uhr wird dann die Sprachdurchsage \u201eProbealarm\u201c zu h\u00f6ren sein.<\/p>\n<p>\u00dcber das richtige Verhalten im Notfall informiert auch die Brosch\u00fcre \u201eInformation f\u00fcr unsere Nachbarn\u201c, herausgegeben von den umliegenden Werken.<\/p>\n<p>&nbsp;<\/p>\n<p>Am&nbsp; Tag des Probealarms, Samstag, 4. April, steht die Feuerwehr Wesseling telefonisch unter der Rufnummer 02236\/94400 f\u00fcr Ausk\u00fcnfte zur Verf\u00fcgung.<\/p>\n<table border=\"0\">\n<tbody>\n<tr>\n<td>einmin\u00fctiger Dauerton<\/td>\n<td><strong>{mp3}probe{\/mp3}<\/strong><\/td>\n<\/tr>\n<tr>\n<td>auf- und abschwellender Heulton<\/td>\n<td><strong><strong>{mp3}<\/strong>aufheulton<strong>{\/mp3}<\/strong><\/strong><\/td>\n<\/tr>\n<tr>\n<td>einmin\u00fctiger Dauerton<\/td>\n<td><strong><strong>{mp3}<\/strong>probe<strong>{\/mp3}<\/strong><\/strong><\/td>\n<\/tr>\n<\/tbody>\n<\/table>\n","protected":false},"excerpt":{"rendered":"<p>Wesseling. (wpd\/ad) Am Samstag, 04.April, wird um 12 Uhr in Wesseling ein Probealarm der Hochleistungssirenen durchgef\u00fchrt. Die Sirenen werden wie in fast allen Nachbarkommunen ausgel\u00f6st, um sie auf ihre Funktion &#8230; <a title=\"Am Samstag \u2013 Probealarm der Hochleistungssirenen\" class=\"read-more\" href=\"https:\/\/feuerwehr-wesseling.de\/?p=582\" aria-label=\"Mehr Informationen \u00fcber Am Samstag \u2013 Probealarm der Hochleistungssirenen\">Weiterlesen<\/a><\/p>\n","protected":false},"author":1,"featured_media":503,"comment_status":"closed","ping_status":"open","sticky":false,"template":"","format":"standard","meta":{"_price":"","_stock":"","_tribe_ticket_header":"","_tribe_default_ticket_provider":"","_ticket_start_date":"","_ticket_end_date":"","_tribe_ticket_show_description":"","_tribe_ticket_show_not_going":false,"_tribe_ticket_use_global_stock":"","_tribe_ticket_global_stock_level":"","_global_stock_mode":"","_global_stock_cap":"","_tribe_rsvp_for_event":"","_tribe_ticket_going_count":"","_tribe_ticket_not_going_count":"","_tribe_tickets_list":"[]","_tribe_ticket_has_attendee_info_fields":false,"footnotes":""},"categories":[76],"tags":[],"class_list":["post-582","post","type-post","status-publish","format-standard","has-post-thumbnail","hentry","category-pressemitteilung-news"],"_links":{"self":[{"href":"https:\/\/feuerwehr-wesseling.de\/index.php?rest_route=\/wp\/v2\/posts\/582","targetHints":{"allow":["GET"]}}],"collection":[{"href":"https:\/\/feuerwehr-wesseling.de\/index.php?rest_route=\/wp\/v2\/posts"}],"about":[{"href":"https:\/\/feuerwehr-wesseling.de\/index.php?rest_route=\/wp\/v2\/types\/post"}],"author":[{"embeddable":true,"href":"https:\/\/feuerwehr-wesseling.de\/index.php?rest_route=\/wp\/v2\/users\/1"}],"replies":[{"embeddable":true,"href":"https:\/\/feuerwehr-wesseling.de\/index.php?rest_route=%2Fwp%2Fv2%2Fcomments&post=582"}],"version-history":[{"count":0,"href":"https:\/\/feuerwehr-wesseling.de\/index.php?rest_route=\/wp\/v2\/posts\/582\/revisions"}],"wp:featuredmedia":[{"embeddable":true,"href":"https:\/\/feuerwehr-wesseling.de\/index.php?rest_route=\/wp\/v2\/media\/503"}],"wp:attachment":[{"href":"https:\/\/feuerwehr-wesseling.de\/index.php?rest_route=%2Fwp%2Fv2%2Fmedia&parent=582"}],"wp:term":[{"taxonomy":"category","embeddable":true,"href":"https:\/\/feuerwehr-wesseling.de\/index.php?rest_route=%2Fwp%2Fv2%2Fcategories&post=582"},{"taxonomy":"post_tag","embeddable":true,"href":"https:\/\/feuerwehr-wesseling.de\/index.php?rest_route=%2Fwp%2Fv2%2Ftags&post=582"}],"curies":[{"name":"wp","href":"https:\/\/api.w.org\/{rel}","templated":true}]}}