{"id":585,"date":"2015-04-20T15:01:15","date_gmt":"2015-04-20T15:01:15","guid":{"rendered":"http:\/\/rettungsdienst-wesseling.de\/?p=585"},"modified":"2015-04-20T15:01:15","modified_gmt":"2015-04-20T15:01:15","slug":"fussgaengerzone-bagger-beschaedigte-gasleitung","status":"publish","type":"post","link":"https:\/\/feuerwehr-wesseling.de\/?p=585","title":{"rendered":"Fu\u00dfg\u00e4ngerzone: Bagger besch\u00e4digte Gasleitung"},"content":{"rendered":"<p><img loading=\"lazy\" decoding=\"async\" class=\" alignleft size-full wp-image-584\" src=\"http:\/\/rettungsdienst-wesseling.de\/wp-content\/uploads\/2015\/04\/gasaustritt.jpg\" alt=\"gasaustritt\" width=\"250\" height=\"141\" style=\"margin: 5px; float: left;\" srcset=\"https:\/\/feuerwehr-wesseling.de\/wp-content\/uploads\/2015\/04\/gasaustritt.jpg 1200w, https:\/\/feuerwehr-wesseling.de\/wp-content\/uploads\/2015\/04\/gasaustritt-300x169.jpg 300w, https:\/\/feuerwehr-wesseling.de\/wp-content\/uploads\/2015\/04\/gasaustritt-1024x576.jpg 1024w, https:\/\/feuerwehr-wesseling.de\/wp-content\/uploads\/2015\/04\/gasaustritt-250x141.jpg 250w, https:\/\/feuerwehr-wesseling.de\/wp-content\/uploads\/2015\/04\/gasaustritt-768x432.jpg 768w\" sizes=\"auto, (max-width: 250px) 100vw, 250px\" \/>Kein Gas str&ouml;mt mehr aus der Leitung, die Fu&szlig;g&auml;ngerzone Flach-Fengler-Stra&szlig;e ist wieder f&uuml;r Passanten freigegeben: Feuerwehr und Polizei haben die Absperrma&szlig;nahmen zur&uuml;ckgenommen. Am heutigen Montagvormittag hatte ein Bagger bei den Arbeiten zur Neugestaltung der Einkaufsstra&szlig;e ein Gasrohr besch&auml;digt. <\/p>\n<p>  <!--more-->  <\/p>\n<p>Der Gasversorgung Rhein-Erft gelang es am Mittag, die Gaszufuhr zu stoppen. Jetzt laufen die Bauarbeiten zur Reparatur der Gasleitung, davon geht jedoch keine Gefahr mehr aus. Die Linie 16 musste am Vormittag f&uuml;r knapp drei Stunden in Wesseling eingestellt werden; seit dem Mittag kann die Haltestelle Wesseling-Mitte (Bahnhof) wieder angefahren werden.<\/p>\n","protected":false},"excerpt":{"rendered":"<p>Kein Gas str&ouml;mt mehr aus der Leitung, die Fu&szlig;g&auml;ngerzone Flach-Fengler-Stra&szlig;e ist wieder f&uuml;r Passanten freigegeben: Feuerwehr und Polizei haben die Absperrma&szlig;nahmen zur&uuml;ckgenommen. Am heutigen Montagvormittag hatte ein Bagger bei den &#8230; <a title=\"Fu\u00dfg\u00e4ngerzone: Bagger besch\u00e4digte Gasleitung\" class=\"read-more\" href=\"https:\/\/feuerwehr-wesseling.de\/?p=585\" aria-label=\"Mehr Informationen \u00fcber Fu\u00dfg\u00e4ngerzone: Bagger besch\u00e4digte Gasleitung\">Weiterlesen<\/a><\/p>\n","protected":false},"author":1,"featured_media":584,"comment_status":"closed","ping_status":"open","sticky":false,"template":"","format":"standard","meta":{"_price":"","_stock":"","_tribe_ticket_header":"","_tribe_default_ticket_provider":"","_ticket_start_date":"","_ticket_end_date":"","_tribe_ticket_show_description":"","_tribe_ticket_show_not_going":false,"_tribe_ticket_use_global_stock":"","_tribe_ticket_global_stock_level":"","_global_stock_mode":"","_global_stock_cap":"","_tribe_rsvp_for_event":"","_tribe_ticket_going_count":"","_tribe_ticket_not_going_count":"","_tribe_tickets_list":"[]","_tribe_ticket_has_attendee_info_fields":false,"footnotes":""},"categories":[76],"tags":[],"class_list":["post-585","post","type-post","status-publish","format-standard","has-post-thumbnail","hentry","category-pressemitteilung-news"],"_links":{"self":[{"href":"https:\/\/feuerwehr-wesseling.de\/index.php?rest_route=\/wp\/v2\/posts\/585","targetHints":{"allow":["GET"]}}],"collection":[{"href":"https:\/\/feuerwehr-wesseling.de\/index.php?rest_route=\/wp\/v2\/posts"}],"about":[{"href":"https:\/\/feuerwehr-wesseling.de\/index.php?rest_route=\/wp\/v2\/types\/post"}],"author":[{"embeddable":true,"href":"https:\/\/feuerwehr-wesseling.de\/index.php?rest_route=\/wp\/v2\/users\/1"}],"replies":[{"embeddable":true,"href":"https:\/\/feuerwehr-wesseling.de\/index.php?rest_route=%2Fwp%2Fv2%2Fcomments&post=585"}],"version-history":[{"count":0,"href":"https:\/\/feuerwehr-wesseling.de\/index.php?rest_route=\/wp\/v2\/posts\/585\/revisions"}],"wp:featuredmedia":[{"embeddable":true,"href":"https:\/\/feuerwehr-wesseling.de\/index.php?rest_route=\/wp\/v2\/media\/584"}],"wp:attachment":[{"href":"https:\/\/feuerwehr-wesseling.de\/index.php?rest_route=%2Fwp%2Fv2%2Fmedia&parent=585"}],"wp:term":[{"taxonomy":"category","embeddable":true,"href":"https:\/\/feuerwehr-wesseling.de\/index.php?rest_route=%2Fwp%2Fv2%2Fcategories&post=585"},{"taxonomy":"post_tag","embeddable":true,"href":"https:\/\/feuerwehr-wesseling.de\/index.php?rest_route=%2Fwp%2Fv2%2Ftags&post=585"}],"curies":[{"name":"wp","href":"https:\/\/api.w.org\/{rel}","templated":true}]}}