{"id":625,"date":"2016-07-14T11:57:45","date_gmt":"2016-07-14T11:57:45","guid":{"rendered":"http:\/\/rettungsdienst-wesseling.de\/?p=625"},"modified":"2016-07-14T11:57:45","modified_gmt":"2016-07-14T11:57:45","slug":"brand-an-aussenfassade-des-schulgebaeudes","status":"publish","type":"post","link":"https:\/\/feuerwehr-wesseling.de\/?p=625","title":{"rendered":"Brand an Au\u00dfenfassade des Schulgeb\u00e4udes"},"content":{"rendered":"<p><img loading=\"lazy\" decoding=\"async\" class=\" alignleft size-full wp-image-620\" src=\"http:\/\/rettungsdienst-wesseling.de\/wp-content\/uploads\/2016\/05\/teaser.jpg\" alt=\"teaser\" width=\"250\" height=\"166\" style=\"margin: 5px; float: left;\" \/>Wesseling. (wpd\/ad) Um 0.46 Uhr am heutigen Donnerstag (14. Juli) wurde die Feuerwehr Wesseling zu einem Brand an der Johannes-Gutenberg-Schule alarmiert. Im Bereich des Fu&szlig;weges zwischen Gartenstra&szlig;e und L 300 brannte ein Teil der Au&szlig;enfassade der Schule &ndash; vermutlich durch Brandstiftung.<\/p>\n<p>Die Feuerwehr hatte den Brand mittels C-Rohr schnell unter Kontrolle; mit der Feuerwehraxt wurde die besch&auml;digte Fassadenverkleidung &ndash; rund acht Quadratmeter &#8211; entfernt, so dass auch die darunter liegende W&auml;rmed&auml;mmung ebenfalls gel&ouml;scht und entfernt werden konnte.<\/p>\n<p>  <!--more-->  <\/p>\n<p>&nbsp;<\/p>\n<p>Die Betonwand hatte noch keinen Schaden durch den Brand erlitten. Das Geb&auml;ude wurde weitl&auml;ufig von au&szlig;en erkundet; es gab keine weiteren Feststellungen. <\/p>\n<p>Die Einsatzstelle wurde an die Polizei &uuml;bergeben.<\/p>\n<p>18 Feuerwehrleute unter Leitung von Stadtbrandinspektor Andr&#8217;e Bach waren im Einsatz; um 1.36 Uhr konnte die Wehr wieder einr&uuml;cken.<\/p>\n","protected":false},"excerpt":{"rendered":"<p>Wesseling. (wpd\/ad) Um 0.46 Uhr am heutigen Donnerstag (14. Juli) wurde die Feuerwehr Wesseling zu einem Brand an der Johannes-Gutenberg-Schule alarmiert. Im Bereich des Fu&szlig;weges zwischen Gartenstra&szlig;e und L 300 &#8230; <a title=\"Brand an Au\u00dfenfassade des Schulgeb\u00e4udes\" class=\"read-more\" href=\"https:\/\/feuerwehr-wesseling.de\/?p=625\" aria-label=\"Mehr Informationen \u00fcber Brand an Au\u00dfenfassade des Schulgeb\u00e4udes\">Weiterlesen<\/a><\/p>\n","protected":false},"author":1,"featured_media":620,"comment_status":"closed","ping_status":"open","sticky":false,"template":"","format":"standard","meta":{"_price":"","_stock":"","_tribe_ticket_header":"","_tribe_default_ticket_provider":"","_ticket_start_date":"","_ticket_end_date":"","_tribe_ticket_show_description":"","_tribe_ticket_show_not_going":false,"_tribe_ticket_use_global_stock":"","_tribe_ticket_global_stock_level":"","_global_stock_mode":"","_global_stock_cap":"","_tribe_rsvp_for_event":"","_tribe_ticket_going_count":"","_tribe_ticket_not_going_count":"","_tribe_tickets_list":"[]","_tribe_ticket_has_attendee_info_fields":false,"footnotes":""},"categories":[76],"tags":[],"class_list":["post-625","post","type-post","status-publish","format-standard","has-post-thumbnail","hentry","category-pressemitteilung-news"],"_links":{"self":[{"href":"https:\/\/feuerwehr-wesseling.de\/index.php?rest_route=\/wp\/v2\/posts\/625","targetHints":{"allow":["GET"]}}],"collection":[{"href":"https:\/\/feuerwehr-wesseling.de\/index.php?rest_route=\/wp\/v2\/posts"}],"about":[{"href":"https:\/\/feuerwehr-wesseling.de\/index.php?rest_route=\/wp\/v2\/types\/post"}],"author":[{"embeddable":true,"href":"https:\/\/feuerwehr-wesseling.de\/index.php?rest_route=\/wp\/v2\/users\/1"}],"replies":[{"embeddable":true,"href":"https:\/\/feuerwehr-wesseling.de\/index.php?rest_route=%2Fwp%2Fv2%2Fcomments&post=625"}],"version-history":[{"count":0,"href":"https:\/\/feuerwehr-wesseling.de\/index.php?rest_route=\/wp\/v2\/posts\/625\/revisions"}],"wp:featuredmedia":[{"embeddable":true,"href":"https:\/\/feuerwehr-wesseling.de\/index.php?rest_route=\/wp\/v2\/media\/620"}],"wp:attachment":[{"href":"https:\/\/feuerwehr-wesseling.de\/index.php?rest_route=%2Fwp%2Fv2%2Fmedia&parent=625"}],"wp:term":[{"taxonomy":"category","embeddable":true,"href":"https:\/\/feuerwehr-wesseling.de\/index.php?rest_route=%2Fwp%2Fv2%2Fcategories&post=625"},{"taxonomy":"post_tag","embeddable":true,"href":"https:\/\/feuerwehr-wesseling.de\/index.php?rest_route=%2Fwp%2Fv2%2Ftags&post=625"}],"curies":[{"name":"wp","href":"https:\/\/api.w.org\/{rel}","templated":true}]}}