{"id":645,"date":"2016-12-27T15:49:46","date_gmt":"2016-12-27T15:49:46","guid":{"rendered":"http:\/\/rettungsdienst-wesseling.de\/?p=645"},"modified":"2016-12-27T15:49:46","modified_gmt":"2016-12-27T15:49:46","slug":"balkon-vor-brand-durch-boeller-schuetzen","status":"publish","type":"post","link":"https:\/\/feuerwehr-wesseling.de\/?p=645","title":{"rendered":"Balkon vor Brand durch B\u00f6ller sch\u00fctzen.."},"content":{"rendered":"<div>\n<p><img loading=\"lazy\" decoding=\"async\" class=\" alignleft size-full wp-image-620\" src=\"http:\/\/rettungsdienst-wesseling.de\/wp-content\/uploads\/2016\/05\/teaser.jpg\" alt=\"teaser\" style=\"margin: 5px; float: left;\" width=\"250\" height=\"166\" \/>Deutscher Feuerwehrverband r&auml;t: Weihnachtsbaum nicht auf Terrasse lagern<\/p>\n<\/p><\/div>\n<div>\n<p>Berlin &ndash; Auf Balkon oder Terrasse sammeln sich im Winter oft viele Dinge an: Gartenm&ouml;bel, Sonnenschirm, leere Kisten oder Zeitungsstapel. Man plant, sie beim Fr&uuml;hjahrsputz zu entsorgen oder im Sommer wieder in den Garten zu stellen &ndash; doch vor allem an Silvester ist dieses Ger&uuml;mpel gef&auml;hrlich. &bdquo;Wenn Balkon oder Terrasse vollgestellt sind, erh&ouml;ht sich damit die Brandlast ungemein&ldquo;, warnt der Deutsche Feuerwehrverband (DFV).<\/p>\n<p>  <!--more-->  <\/p>\n<p>Vor allem leicht entz&uuml;ndliche Materialien wie Papier oder der trockene Weihnachtsbaum sollten in der Silvesternacht nicht drau&szlig;en gelagert werden. Sie k&ouml;nnten durch einen fehlgeleiteten &ndash; oder gar gezielt abgeschossenen &ndash; B&ouml;ller in Brand gesetzt werden. Ein solcherart angefachtes Feuer kann sich unter Umst&auml;nden auch in die Wohnung ausbreiten.<\/p>\n<p>Daher r&auml;t der Fachverband, die Wohnung in der Silvesternacht vor Brandgefahren zu sch&uuml;tzen: &bdquo;Entfernen Sie M&ouml;bel, Hausrat und andere brennbaren Gegenst&auml;nde von Balkonen, Terrassen und aus Hauseing&auml;ngen. Halten Sie Fenster und T&uuml;ren geschlossen.&ldquo; Wenn der Balkon doch brennt, sollte man nur dann versuchen, das Feuer zu l&ouml;schen, wenn dies ohne Eigengef&auml;hrdung m&ouml;glich ist. Ansonsten gilt: T&uuml;ren schlie&szlig;en, mit allen Personen die Wohnung verlassen und die Feuerwehr &uuml;ber den kostenfreien Notruf 112 alarmieren!<\/p>\n<p>&nbsp;<\/p>\n<p>&nbsp;<\/p>\n<\/p><\/div>\n","protected":false},"excerpt":{"rendered":"<p>Deutscher Feuerwehrverband r&auml;t: Weihnachtsbaum nicht auf Terrasse lagern Berlin &ndash; Auf Balkon oder Terrasse sammeln sich im Winter oft viele Dinge an: Gartenm&ouml;bel, Sonnenschirm, leere Kisten oder Zeitungsstapel. Man plant, &#8230; <a title=\"Balkon vor Brand durch B\u00f6ller sch\u00fctzen..\" class=\"read-more\" href=\"https:\/\/feuerwehr-wesseling.de\/?p=645\" aria-label=\"Mehr Informationen \u00fcber Balkon vor Brand durch B\u00f6ller sch\u00fctzen..\">Weiterlesen<\/a><\/p>\n","protected":false},"author":1,"featured_media":620,"comment_status":"closed","ping_status":"open","sticky":false,"template":"","format":"standard","meta":{"_price":"","_stock":"","_tribe_ticket_header":"","_tribe_default_ticket_provider":"","_ticket_start_date":"","_ticket_end_date":"","_tribe_ticket_show_description":"","_tribe_ticket_show_not_going":false,"_tribe_ticket_use_global_stock":"","_tribe_ticket_global_stock_level":"","_global_stock_mode":"","_global_stock_cap":"","_tribe_rsvp_for_event":"","_tribe_ticket_going_count":"","_tribe_ticket_not_going_count":"","_tribe_tickets_list":"[]","_tribe_ticket_has_attendee_info_fields":false,"footnotes":""},"categories":[76],"tags":[],"class_list":["post-645","post","type-post","status-publish","format-standard","has-post-thumbnail","hentry","category-pressemitteilung-news"],"_links":{"self":[{"href":"https:\/\/feuerwehr-wesseling.de\/index.php?rest_route=\/wp\/v2\/posts\/645","targetHints":{"allow":["GET"]}}],"collection":[{"href":"https:\/\/feuerwehr-wesseling.de\/index.php?rest_route=\/wp\/v2\/posts"}],"about":[{"href":"https:\/\/feuerwehr-wesseling.de\/index.php?rest_route=\/wp\/v2\/types\/post"}],"author":[{"embeddable":true,"href":"https:\/\/feuerwehr-wesseling.de\/index.php?rest_route=\/wp\/v2\/users\/1"}],"replies":[{"embeddable":true,"href":"https:\/\/feuerwehr-wesseling.de\/index.php?rest_route=%2Fwp%2Fv2%2Fcomments&post=645"}],"version-history":[{"count":0,"href":"https:\/\/feuerwehr-wesseling.de\/index.php?rest_route=\/wp\/v2\/posts\/645\/revisions"}],"wp:featuredmedia":[{"embeddable":true,"href":"https:\/\/feuerwehr-wesseling.de\/index.php?rest_route=\/wp\/v2\/media\/620"}],"wp:attachment":[{"href":"https:\/\/feuerwehr-wesseling.de\/index.php?rest_route=%2Fwp%2Fv2%2Fmedia&parent=645"}],"wp:term":[{"taxonomy":"category","embeddable":true,"href":"https:\/\/feuerwehr-wesseling.de\/index.php?rest_route=%2Fwp%2Fv2%2Fcategories&post=645"},{"taxonomy":"post_tag","embeddable":true,"href":"https:\/\/feuerwehr-wesseling.de\/index.php?rest_route=%2Fwp%2Fv2%2Ftags&post=645"}],"curies":[{"name":"wp","href":"https:\/\/api.w.org\/{rel}","templated":true}]}}