{"id":667,"date":"2017-06-19T08:01:51","date_gmt":"2017-06-19T08:01:51","guid":{"rendered":"http:\/\/rettungsdienst-wesseling.de\/?p=667"},"modified":"2017-06-19T08:01:51","modified_gmt":"2017-06-19T08:01:51","slug":"waermegewoehnung-mal-anders","status":"publish","type":"post","link":"https:\/\/feuerwehr-wesseling.de\/?p=667","title":{"rendered":"W\u00e4rmegew\u00f6hnung mal anders"},"content":{"rendered":"<p style=\"margin-bottom: 0cm;\"><img loading=\"lazy\" decoding=\"async\" class=\" alignleft size-full wp-image-666\" src=\"http:\/\/rettungsdienst-wesseling.de\/wp-content\/uploads\/2017\/06\/RRM2_ergebnis.jpg\" alt=\"RRM2 ergebnis\" width=\"250\" height=\"215\" style=\"margin: 5px; float: left;\" srcset=\"https:\/\/feuerwehr-wesseling.de\/wp-content\/uploads\/2017\/06\/RRM2_ergebnis.jpg 1191w, https:\/\/feuerwehr-wesseling.de\/wp-content\/uploads\/2017\/06\/RRM2_ergebnis-300x258.jpg 300w, https:\/\/feuerwehr-wesseling.de\/wp-content\/uploads\/2017\/06\/RRM2_ergebnis-1024x880.jpg 1024w, https:\/\/feuerwehr-wesseling.de\/wp-content\/uploads\/2017\/06\/RRM2_ergebnis-250x215.jpg 250w, https:\/\/feuerwehr-wesseling.de\/wp-content\/uploads\/2017\/06\/RRM2_ergebnis-768x660.jpg 768w\" sizes=\"auto, (max-width: 250px) 100vw, 250px\" \/>Der Berufsalltag in der Feuerwehr bringt es mit sich, dass man auch bei widrigen Bedingungen einen k\u00fchlen Kopf bewahren muss. Einer solchen \u2013 wenn auch ungew\u00f6hnlichen \u2013 Belastungsprobe stellte sich der Grundausbildungslehrgang der Feuerwehr Wesseling am Sonntag in Duisburg.<\/p>\n<p style=\"margin-bottom: 0cm;\">Laufen spielt auch in der Feuerwehr eine gro\u00dfe Rolle. Schon beim Einstellungstest m\u00fcssen die zuk\u00fcnftigen Brandmeister\/innen ihre Ausdauerf\u00e4higkeit unter Beweis stellen und auch bei den regelm\u00e4\u00dfig zu absolvierenden Belastungs\u00fcbungen der Atemschutzger\u00e4tetr\u00e4ger geh\u00f6rt ein Laufband zum Programm. Als kr\u00f6nender Abschluss der feuerwehrtechnischen Grundausbildung stand nun also der Halbmarathon durch die Stra\u00dfen Duisburgs auf dem Programm. F\u00fcr alle Beteiligten \u00fcbrigens eine Premiere!<\/p>\n<p>  <!--more-->  <\/p>\n<p style=\"margin-bottom: 0cm;\">Insgesamt 5513 Sportler gingen in Duisburg an den Start und so auch die Gruppe der Feuerwehr Wesseling. Um 9:20 fiel auf der Kruppstra\u00dfe der Startschuss f\u00fcr die 21,1 Kilometer lange Strecke durch das Stadtgebiet. Die Altstadt, das Dellviertel oder auch Stadtteile wie Huckingen oder Gro\u00dfenbaum galt es zu durchqueren, um zum Schluss schlie\u00dflich den sehr stimmungsvollen Zieleinlauf in der Schauinsland-Reisen-Arena genie\u00dfen zu k\u00f6nnen. Diesen besonderen Moment hatten sich alle nach dem anstrengenden Lauf bei Temperaturen um 30\u00b0 Grad mehr als verdient.<\/p>\n<p style=\"margin-bottom: 0cm;\">Ein besonderes Lob verdienten sich hier aber auch die Duisburger B\u00fcrgerinnen und B\u00fcrger. Mit zahlreichen Brausen, Duschen und Getr\u00e4nken entlang der Strecke sorgten sie f\u00fcr eine willkommene Abk\u00fchlung der L\u00e4uferinnen und L\u00e4ufer.<\/p>\n<p style=\"margin-bottom: 0cm;\">Der Muskelkater wird bei allen Beteiligten bald ausklingen, aber die Erinnerungen an einen tollen und stimmungsvollen Lauf werden allen lange im Ged\u00e4chtnis bleiben.<\/p>\n<p>&nbsp;<\/p>\n<p><img loading=\"lazy\" decoding=\"async\" class=\" size-full wp-image-666\" src=\"http:\/\/rettungsdienst-wesseling.de\/wp-content\/uploads\/2017\/06\/RRM2_ergebnis.jpg\" alt=\"RRM2 ergebnis\" width=\"500\" height=\"430\" style=\"display: block; margin-left: auto; margin-right: auto;\" srcset=\"https:\/\/feuerwehr-wesseling.de\/wp-content\/uploads\/2017\/06\/RRM2_ergebnis.jpg 1191w, https:\/\/feuerwehr-wesseling.de\/wp-content\/uploads\/2017\/06\/RRM2_ergebnis-300x258.jpg 300w, https:\/\/feuerwehr-wesseling.de\/wp-content\/uploads\/2017\/06\/RRM2_ergebnis-1024x880.jpg 1024w, https:\/\/feuerwehr-wesseling.de\/wp-content\/uploads\/2017\/06\/RRM2_ergebnis-250x215.jpg 250w, https:\/\/feuerwehr-wesseling.de\/wp-content\/uploads\/2017\/06\/RRM2_ergebnis-768x660.jpg 768w\" sizes=\"auto, (max-width: 500px) 100vw, 500px\" \/><\/p>\n","protected":false},"excerpt":{"rendered":"<p>Der Berufsalltag in der Feuerwehr bringt es mit sich, dass man auch bei widrigen Bedingungen einen k\u00fchlen Kopf bewahren muss. Einer solchen \u2013 wenn auch ungew\u00f6hnlichen \u2013 Belastungsprobe stellte sich &#8230; <a title=\"W\u00e4rmegew\u00f6hnung mal anders\" class=\"read-more\" href=\"https:\/\/feuerwehr-wesseling.de\/?p=667\" aria-label=\"Mehr Informationen \u00fcber W\u00e4rmegew\u00f6hnung mal anders\">Weiterlesen<\/a><\/p>\n","protected":false},"author":1,"featured_media":666,"comment_status":"closed","ping_status":"open","sticky":false,"template":"","format":"standard","meta":{"_price":"","_stock":"","_tribe_ticket_header":"","_tribe_default_ticket_provider":"","_ticket_start_date":"","_ticket_end_date":"","_tribe_ticket_show_description":"","_tribe_ticket_show_not_going":false,"_tribe_ticket_use_global_stock":"","_tribe_ticket_global_stock_level":"","_global_stock_mode":"","_global_stock_cap":"","_tribe_rsvp_for_event":"","_tribe_ticket_going_count":"","_tribe_ticket_not_going_count":"","_tribe_tickets_list":"[]","_tribe_ticket_has_attendee_info_fields":false,"footnotes":""},"categories":[76],"tags":[],"class_list":["post-667","post","type-post","status-publish","format-standard","has-post-thumbnail","hentry","category-pressemitteilung-news"],"_links":{"self":[{"href":"https:\/\/feuerwehr-wesseling.de\/index.php?rest_route=\/wp\/v2\/posts\/667","targetHints":{"allow":["GET"]}}],"collection":[{"href":"https:\/\/feuerwehr-wesseling.de\/index.php?rest_route=\/wp\/v2\/posts"}],"about":[{"href":"https:\/\/feuerwehr-wesseling.de\/index.php?rest_route=\/wp\/v2\/types\/post"}],"author":[{"embeddable":true,"href":"https:\/\/feuerwehr-wesseling.de\/index.php?rest_route=\/wp\/v2\/users\/1"}],"replies":[{"embeddable":true,"href":"https:\/\/feuerwehr-wesseling.de\/index.php?rest_route=%2Fwp%2Fv2%2Fcomments&post=667"}],"version-history":[{"count":0,"href":"https:\/\/feuerwehr-wesseling.de\/index.php?rest_route=\/wp\/v2\/posts\/667\/revisions"}],"wp:featuredmedia":[{"embeddable":true,"href":"https:\/\/feuerwehr-wesseling.de\/index.php?rest_route=\/wp\/v2\/media\/666"}],"wp:attachment":[{"href":"https:\/\/feuerwehr-wesseling.de\/index.php?rest_route=%2Fwp%2Fv2%2Fmedia&parent=667"}],"wp:term":[{"taxonomy":"category","embeddable":true,"href":"https:\/\/feuerwehr-wesseling.de\/index.php?rest_route=%2Fwp%2Fv2%2Fcategories&post=667"},{"taxonomy":"post_tag","embeddable":true,"href":"https:\/\/feuerwehr-wesseling.de\/index.php?rest_route=%2Fwp%2Fv2%2Ftags&post=667"}],"curies":[{"name":"wp","href":"https:\/\/api.w.org\/{rel}","templated":true}]}}