{"id":671,"date":"2017-09-06T11:03:44","date_gmt":"2017-09-06T11:03:44","guid":{"rendered":"http:\/\/rettungsdienst-wesseling.de\/?p=671"},"modified":"2017-09-06T11:03:44","modified_gmt":"2017-09-06T11:03:44","slug":"kreisfeuerwehrtag-2017-in-wesseling","status":"publish","type":"post","link":"https:\/\/feuerwehr-wesseling.de\/?p=671","title":{"rendered":"Kreisfeuerwehrtag 2017 in Wesseling"},"content":{"rendered":"<p><img loading=\"lazy\" decoding=\"async\" class=\" alignleft size-full wp-image-668\" src=\"http:\/\/rettungsdienst-wesseling.de\/wp-content\/uploads\/2017\/09\/KFT_2017_3.jpg\" alt=\"Historische Drehleiter der Feuerwehr Frechen\" width=\"250\" height=\"330\" style=\"margin: 5px; float: left;\" \/><\/p>\n<p class=\"Normal tm5\"><span class=\"tm6\">Am 2. und 3. September fand der Kreisfeuerwehrtag (KFT) mit Leistungsnachweis f\u00fcr die Feuerwehren in der Wesselinger Innenstadt zwischen Bahnhof und Rheinpromenade statt. Jugendfeuerwehr, die L\u00f6schz\u00fcge Berzdorf, Urfeld und Wesseling sowie die hauptamtliche Wache haben gemeinsam die Stationen f\u00fcr Leistungsnachweis aufgebaut, eine Fahrzeugausstellung, Informationsst\u00e4nde f\u00fcr die Bev\u00f6lkerung und die Versorgung mit Essen und Getr\u00e4nken f\u00fcr Teilnehmer und Besucher organisiert.<\/span><\/p>\n<p>  <!--more-->  <\/p>\n<p><img loading=\"lazy\" decoding=\"async\" class=\" size-full wp-image-669\" src=\"http:\/\/rettungsdienst-wesseling.de\/wp-content\/uploads\/2017\/09\/KFT_2017_1.jpg\" alt=\"Pr\u00e4sentation moderner Einsatzfahrzeuge auf dem Alfons-M\u00fcller-Platz\" width=\"780\" height=\"1040\" srcset=\"https:\/\/feuerwehr-wesseling.de\/wp-content\/uploads\/2017\/09\/KFT_2017_1.jpg 780w, https:\/\/feuerwehr-wesseling.de\/wp-content\/uploads\/2017\/09\/KFT_2017_1-225x300.jpg 225w, https:\/\/feuerwehr-wesseling.de\/wp-content\/uploads\/2017\/09\/KFT_2017_1-768x1024.jpg 768w, https:\/\/feuerwehr-wesseling.de\/wp-content\/uploads\/2017\/09\/KFT_2017_1-250x333.jpg 250w\" sizes=\"auto, (max-width: 780px) 100vw, 780px\" \/><\/p>\n<p class=\"Normal tm5\"><span class=\"tm6\">Fast 50 Gruppen aus den St\u00e4dten des Rhein-Erft-Kreises und sogar aus benachbarten Kreisen haben an einem Leistungsnachweis teilgenommen. An verschiedenen Stationen, die \u00fcber die Innenstadt verteilt waren, mussten die teilnehmenden Einheiten den Wertungsrichtern beweisen, dass sie die Grundt\u00e4tigkeiten der Brandbek\u00e4mpfung, der Ersten-Hilfe, der technischen Hilfeleistung und die wichtigsten Feuerwehrknoten beherrschen sowie \u00fcber die n\u00f6tige Fitness und theoretische Kenntnisse verf\u00fcgen. Alle teilnehmenden Einheiten haben durch ihren hohen Leistungsstand \u00fcberzeugt. Daneben konnten sich interessierte Einsatzkr\u00e4fte auf Workshops, die in den Wesselinger Industriebetrieben stattfanden, weiterbilden.<\/span><\/p>\n<p class=\"Normal tm5\"><span class=\"tm6\">An einem Infostand mit einem riesigen aufblasbaren Rauchmelder informierten Mitglieder der Wesselinger Feuerwehr Besucher \u00fcber den Brandschutz zu Hause. Um die optimale Anbringung von Rauchmeldern zu zeigen wurde, in einem Modellhaus die Ausbreitung von Brandrauch demonstriert.<\/span><\/p>\n<p class=\"Normal tm5\"><span class=\"tm6\">Am 3.September pr\u00e4sentierten die Wesselinger Wehr und die \u00f6rtlichen Werkfeuerwehren moderne Einsatzfahrzeuge auf der Blaulichtmeile rund um das Rathaus. Besucherinnen und Besucher konnten sich so einen Einblick \u00fcber die vielf\u00e4ltigen Aufgaben und Einsatzm\u00f6glichkeiten von Werkfeuerwehren und \u00f6ffentlichen Feuerwehren verschaffen. Selbstverst\u00e4ndlich waren die Fahrzeuge auch w\u00e4hrend des KFT einsatzbereit und h\u00e4tten jederzeit f\u00fcr einen Einsatz besetzt werden k\u00f6nnen. Da der KFT zusammen mit dem Wesselinger Oldtimertreffen stattfand, konnten Technikfans die Entwicklung der Feuerwehrtechnik der vergangenen sechs Jahrzehnte bestaunen. H\u00f6hepunkt war der Blaulichtkorso historischer Fahrzeuge durch Wesseling am 2.September.<\/span><\/p>\n<p><img loading=\"lazy\" decoding=\"async\" class=\" size-full wp-image-670\" src=\"http:\/\/rettungsdienst-wesseling.de\/wp-content\/uploads\/2017\/09\/KFT_2017_2.jpg\" alt=\"KFT 2017 2\" width=\"1040\" height=\"780\" srcset=\"https:\/\/feuerwehr-wesseling.de\/wp-content\/uploads\/2017\/09\/KFT_2017_2.jpg 1040w, https:\/\/feuerwehr-wesseling.de\/wp-content\/uploads\/2017\/09\/KFT_2017_2-300x225.jpg 300w, https:\/\/feuerwehr-wesseling.de\/wp-content\/uploads\/2017\/09\/KFT_2017_2-1024x768.jpg 1024w, https:\/\/feuerwehr-wesseling.de\/wp-content\/uploads\/2017\/09\/KFT_2017_2-250x188.jpg 250w, https:\/\/feuerwehr-wesseling.de\/wp-content\/uploads\/2017\/09\/KFT_2017_2-768x576.jpg 768w\" sizes=\"auto, (max-width: 1040px) 100vw, 1040px\" \/><\/p>\n<p class=\"Normal tm5\"><span class=\"tm6\">F\u00fcr die nicht mehr aktiven Feuerwehrmitglieder der Ehrenabteilungen des Rhein-Erft-Kreises wurde bereits am 1.September eine Schiffstour von Wesseling nach K\u00f6nigswinter organisiert.<\/span><\/p>\n<p class=\"Normal tm5\"><span class=\"tm6\">Der Kreisfeuerwehrtag wird jedes Jahr von einer der zehn St\u00e4dte des Rhein-Erft-Kreises ausgerichtet. Seit Gr\u00fcndung des Rhein-Erft-Kreises fand der Kreisfeuerwehrtag zum f\u00fcnften Mal in Wesseling statt. Bereits im Mai fand die Delegiertenversammlung des Kreisfeuerwehrverbands im Wesselinger Rheinforum statt. <\/span><\/p>\n","protected":false},"excerpt":{"rendered":"<p>Am 2. und 3. September fand der Kreisfeuerwehrtag (KFT) mit Leistungsnachweis f\u00fcr die Feuerwehren in der Wesselinger Innenstadt zwischen Bahnhof und Rheinpromenade statt. Jugendfeuerwehr, die L\u00f6schz\u00fcge Berzdorf, Urfeld und Wesseling &#8230; <a title=\"Kreisfeuerwehrtag 2017 in Wesseling\" class=\"read-more\" href=\"https:\/\/feuerwehr-wesseling.de\/?p=671\" aria-label=\"Mehr Informationen \u00fcber Kreisfeuerwehrtag 2017 in Wesseling\">Weiterlesen<\/a><\/p>\n","protected":false},"author":1,"featured_media":668,"comment_status":"closed","ping_status":"open","sticky":false,"template":"","format":"standard","meta":{"_price":"","_stock":"","_tribe_ticket_header":"","_tribe_default_ticket_provider":"","_ticket_start_date":"","_ticket_end_date":"","_tribe_ticket_show_description":"","_tribe_ticket_show_not_going":false,"_tribe_ticket_use_global_stock":"","_tribe_ticket_global_stock_level":"","_global_stock_mode":"","_global_stock_cap":"","_tribe_rsvp_for_event":"","_tribe_ticket_going_count":"","_tribe_ticket_not_going_count":"","_tribe_tickets_list":"[]","_tribe_ticket_has_attendee_info_fields":false,"footnotes":""},"categories":[76],"tags":[],"class_list":["post-671","post","type-post","status-publish","format-standard","has-post-thumbnail","hentry","category-pressemitteilung-news"],"_links":{"self":[{"href":"https:\/\/feuerwehr-wesseling.de\/index.php?rest_route=\/wp\/v2\/posts\/671","targetHints":{"allow":["GET"]}}],"collection":[{"href":"https:\/\/feuerwehr-wesseling.de\/index.php?rest_route=\/wp\/v2\/posts"}],"about":[{"href":"https:\/\/feuerwehr-wesseling.de\/index.php?rest_route=\/wp\/v2\/types\/post"}],"author":[{"embeddable":true,"href":"https:\/\/feuerwehr-wesseling.de\/index.php?rest_route=\/wp\/v2\/users\/1"}],"replies":[{"embeddable":true,"href":"https:\/\/feuerwehr-wesseling.de\/index.php?rest_route=%2Fwp%2Fv2%2Fcomments&post=671"}],"version-history":[{"count":0,"href":"https:\/\/feuerwehr-wesseling.de\/index.php?rest_route=\/wp\/v2\/posts\/671\/revisions"}],"wp:featuredmedia":[{"embeddable":true,"href":"https:\/\/feuerwehr-wesseling.de\/index.php?rest_route=\/wp\/v2\/media\/668"}],"wp:attachment":[{"href":"https:\/\/feuerwehr-wesseling.de\/index.php?rest_route=%2Fwp%2Fv2%2Fmedia&parent=671"}],"wp:term":[{"taxonomy":"category","embeddable":true,"href":"https:\/\/feuerwehr-wesseling.de\/index.php?rest_route=%2Fwp%2Fv2%2Fcategories&post=671"},{"taxonomy":"post_tag","embeddable":true,"href":"https:\/\/feuerwehr-wesseling.de\/index.php?rest_route=%2Fwp%2Fv2%2Ftags&post=671"}],"curies":[{"name":"wp","href":"https:\/\/api.w.org\/{rel}","templated":true}]}}