{"id":675,"date":"2017-10-02T17:02:55","date_gmt":"2017-10-02T17:02:55","guid":{"rendered":"http:\/\/rettungsdienst-wesseling.de\/?p=675"},"modified":"2017-10-02T17:02:55","modified_gmt":"2017-10-02T17:02:55","slug":"mit-teamarbeit-ins-ziel","status":"publish","type":"post","link":"https:\/\/feuerwehr-wesseling.de\/?p=675","title":{"rendered":"Mit Teamarbeit ins Ziel"},"content":{"rendered":"<p><img loading=\"lazy\" decoding=\"async\" class=\" alignleft size-full wp-image-673\" src=\"http:\/\/rettungsdienst-wesseling.de\/wp-content\/uploads\/2017\/10\/IMG-20171001-WA0012.jpg\" alt=\"IMG 20171001 WA0012\" width=\"250\" height=\"188\" style=\"margin: 5px; float: left;\" srcset=\"https:\/\/feuerwehr-wesseling.de\/wp-content\/uploads\/2017\/10\/IMG-20171001-WA0012.jpg 1280w, https:\/\/feuerwehr-wesseling.de\/wp-content\/uploads\/2017\/10\/IMG-20171001-WA0012-300x225.jpg 300w, https:\/\/feuerwehr-wesseling.de\/wp-content\/uploads\/2017\/10\/IMG-20171001-WA0012-1024x768.jpg 1024w, https:\/\/feuerwehr-wesseling.de\/wp-content\/uploads\/2017\/10\/IMG-20171001-WA0012-250x188.jpg 250w, https:\/\/feuerwehr-wesseling.de\/wp-content\/uploads\/2017\/10\/IMG-20171001-WA0012-768x576.jpg 768w\" sizes=\"auto, (max-width: 250px) 100vw, 250px\" \/>42,195 Kilometer durch das Herz der Domstadt, 25.000 L\u00e4ufer und eine Stadt im Ausnahmezustand.<\/p>\n<p>Das die Feuerwehr Wesseling sich um die Fitness seiner Mitarbeiter keine Sorgen machen muss wurde an diesem Wochenende eindrucksvoll unter Beweis gestellt, denn mittendrin in diesem freudigen Chaos waren in diesem Jahr auch 12 L\u00e4uferinnen und L\u00e4ufer der Feuerwehr Wesseling. In drei Staffel-Teams stellten sie sich der Herausforderung Marathon. Bei der Staffel geht es nicht um den gro\u00dfen Sieg oder Bestzeiten, sondern um das einmalige Erlebnis in der Gruppe. Getragen von tausenden von Zuschauern entlang der Strecke.<\/p>\n<p>  <!--more-->  <\/p>\n<p>Was dabei herauskam waren sehr gute Zielzeiten von 3:52 h bis 4:12 h und ein f\u00fcr alle beteiligten ein anstrengender aber auch sch\u00f6ner und stimmungsvoller Tag. Das k\u00fchle Getr\u00e4nk im Ziel hatten sich alle redlich verdient.<\/p>\n<p>&nbsp;<\/p>\n<p><img loading=\"lazy\" decoding=\"async\" class=\" size-full wp-image-674\" src=\"http:\/\/rettungsdienst-wesseling.de\/wp-content\/uploads\/2017\/10\/IMG-20171001-WA0010.jpg\" alt=\"IMG 20171001 WA0010\" width=\"500\" height=\"667\" style=\"display: block; margin-left: auto; margin-right: auto;\" srcset=\"https:\/\/feuerwehr-wesseling.de\/wp-content\/uploads\/2017\/10\/IMG-20171001-WA0010.jpg 960w, https:\/\/feuerwehr-wesseling.de\/wp-content\/uploads\/2017\/10\/IMG-20171001-WA0010-225x300.jpg 225w, https:\/\/feuerwehr-wesseling.de\/wp-content\/uploads\/2017\/10\/IMG-20171001-WA0010-768x1024.jpg 768w, https:\/\/feuerwehr-wesseling.de\/wp-content\/uploads\/2017\/10\/IMG-20171001-WA0010-250x333.jpg 250w\" sizes=\"auto, (max-width: 500px) 100vw, 500px\" \/><\/p>\n<p><img loading=\"lazy\" decoding=\"async\" class=\" size-full wp-image-673\" src=\"http:\/\/rettungsdienst-wesseling.de\/wp-content\/uploads\/2017\/10\/IMG-20171001-WA0012.jpg\" alt=\"IMG 20171001 WA0012\" width=\"500\" height=\"375\" style=\"display: block; margin-left: auto; margin-right: auto;\" srcset=\"https:\/\/feuerwehr-wesseling.de\/wp-content\/uploads\/2017\/10\/IMG-20171001-WA0012.jpg 1280w, https:\/\/feuerwehr-wesseling.de\/wp-content\/uploads\/2017\/10\/IMG-20171001-WA0012-300x225.jpg 300w, https:\/\/feuerwehr-wesseling.de\/wp-content\/uploads\/2017\/10\/IMG-20171001-WA0012-1024x768.jpg 1024w, https:\/\/feuerwehr-wesseling.de\/wp-content\/uploads\/2017\/10\/IMG-20171001-WA0012-250x188.jpg 250w, https:\/\/feuerwehr-wesseling.de\/wp-content\/uploads\/2017\/10\/IMG-20171001-WA0012-768x576.jpg 768w\" sizes=\"auto, (max-width: 500px) 100vw, 500px\" \/><\/p>\n","protected":false},"excerpt":{"rendered":"<p>42,195 Kilometer durch das Herz der Domstadt, 25.000 L\u00e4ufer und eine Stadt im Ausnahmezustand. Das die Feuerwehr Wesseling sich um die Fitness seiner Mitarbeiter keine Sorgen machen muss wurde an &#8230; <a title=\"Mit Teamarbeit ins Ziel\" class=\"read-more\" href=\"https:\/\/feuerwehr-wesseling.de\/?p=675\" aria-label=\"Mehr Informationen \u00fcber Mit Teamarbeit ins Ziel\">Weiterlesen<\/a><\/p>\n","protected":false},"author":1,"featured_media":673,"comment_status":"closed","ping_status":"open","sticky":false,"template":"","format":"standard","meta":{"_price":"","_stock":"","_tribe_ticket_header":"","_tribe_default_ticket_provider":"","_ticket_start_date":"","_ticket_end_date":"","_tribe_ticket_show_description":"","_tribe_ticket_show_not_going":false,"_tribe_ticket_use_global_stock":"","_tribe_ticket_global_stock_level":"","_global_stock_mode":"","_global_stock_cap":"","_tribe_rsvp_for_event":"","_tribe_ticket_going_count":"","_tribe_ticket_not_going_count":"","_tribe_tickets_list":"[]","_tribe_ticket_has_attendee_info_fields":false,"footnotes":""},"categories":[76],"tags":[],"class_list":["post-675","post","type-post","status-publish","format-standard","has-post-thumbnail","hentry","category-pressemitteilung-news"],"_links":{"self":[{"href":"https:\/\/feuerwehr-wesseling.de\/index.php?rest_route=\/wp\/v2\/posts\/675","targetHints":{"allow":["GET"]}}],"collection":[{"href":"https:\/\/feuerwehr-wesseling.de\/index.php?rest_route=\/wp\/v2\/posts"}],"about":[{"href":"https:\/\/feuerwehr-wesseling.de\/index.php?rest_route=\/wp\/v2\/types\/post"}],"author":[{"embeddable":true,"href":"https:\/\/feuerwehr-wesseling.de\/index.php?rest_route=\/wp\/v2\/users\/1"}],"replies":[{"embeddable":true,"href":"https:\/\/feuerwehr-wesseling.de\/index.php?rest_route=%2Fwp%2Fv2%2Fcomments&post=675"}],"version-history":[{"count":0,"href":"https:\/\/feuerwehr-wesseling.de\/index.php?rest_route=\/wp\/v2\/posts\/675\/revisions"}],"wp:featuredmedia":[{"embeddable":true,"href":"https:\/\/feuerwehr-wesseling.de\/index.php?rest_route=\/wp\/v2\/media\/673"}],"wp:attachment":[{"href":"https:\/\/feuerwehr-wesseling.de\/index.php?rest_route=%2Fwp%2Fv2%2Fmedia&parent=675"}],"wp:term":[{"taxonomy":"category","embeddable":true,"href":"https:\/\/feuerwehr-wesseling.de\/index.php?rest_route=%2Fwp%2Fv2%2Fcategories&post=675"},{"taxonomy":"post_tag","embeddable":true,"href":"https:\/\/feuerwehr-wesseling.de\/index.php?rest_route=%2Fwp%2Fv2%2Ftags&post=675"}],"curies":[{"name":"wp","href":"https:\/\/api.w.org\/{rel}","templated":true}]}}