{"id":676,"date":"2017-12-30T07:49:46","date_gmt":"2017-12-30T07:49:46","guid":{"rendered":"http:\/\/rettungsdienst-wesseling.de\/?p=676"},"modified":"2017-12-30T07:49:46","modified_gmt":"2017-12-30T07:49:46","slug":"balkon-vor-brand-durch-boeller-schuetzen-2","status":"publish","type":"post","link":"https:\/\/feuerwehr-wesseling.de\/?p=676","title":{"rendered":"Balkon vor Brand durch B\u00f6ller sch\u00fctzen.."},"content":{"rendered":"<div>\n<p><img loading=\"lazy\" decoding=\"async\" class=\" alignleft size-full wp-image-620\" src=\"http:\/\/rettungsdienst-wesseling.de\/wp-content\/uploads\/2016\/05\/teaser.jpg\" alt=\"teaser\" width=\"250\" height=\"166\" style=\"margin: 5px; float: left;\" \/>Deutscher Feuerwehrverband r\u00e4t: Weihnachtsbaum nicht auf Terrasse lagern<\/p>\n<\/p><\/div>\n<div>\n<p>Berlin \u2013 Auf Balkon oder Terrasse sammeln sich im Winter oft viele Dinge an: Gartenm\u00f6bel, Sonnenschirm, leere Kisten oder Zeitungsstapel. Man plant, sie beim Fr\u00fchjahrsputz zu entsorgen oder im Sommer wieder in den Garten zu stellen \u2013 doch vor allem an Silvester ist dieses Ger\u00fcmpel gef\u00e4hrlich. \u201eWenn Balkon oder Terrasse vollgestellt sind, erh\u00f6ht sich damit die Brandlast ungemein\u201c, warnt der Deutsche Feuerwehrverband (DFV).<\/p>\n<p>  <!--more-->  <\/p>\n<p>Vor allem leicht entz\u00fcndliche Materialien wie Papier oder der trockene Weihnachtsbaum sollten in der Silvesternacht nicht drau\u00dfen gelagert werden. Sie k\u00f6nnten durch einen fehlgeleiteten \u2013 oder gar gezielt abgeschossenen \u2013 B\u00f6ller in Brand gesetzt werden. Ein solcherart angefachtes Feuer kann sich unter Umst\u00e4nden auch in die Wohnung ausbreiten.<\/p>\n<p>Daher r\u00e4t der Fachverband, die Wohnung in der Silvesternacht vor Brandgefahren zu sch\u00fctzen: \u201eEntfernen Sie M\u00f6bel, Hausrat und andere brennbaren Gegenst\u00e4nde von Balkonen, Terrassen und aus Hauseing\u00e4ngen. Halten Sie Fenster und T\u00fcren geschlossen.\u201c Wenn der Balkon doch brennt, sollte man nur dann versuchen, das Feuer zu l\u00f6schen, wenn dies ohne Eigengef\u00e4hrdung m\u00f6glich ist. Ansonsten gilt: T\u00fcren schlie\u00dfen, mit allen Personen die Wohnung verlassen und die Feuerwehr \u00fcber den kostenfreien Notruf 112 alarmieren!<\/p>\n<p>&nbsp;<\/p>\n<p>&nbsp;<\/p>\n<\/p><\/div>\n","protected":false},"excerpt":{"rendered":"<p>Deutscher Feuerwehrverband r\u00e4t: Weihnachtsbaum nicht auf Terrasse lagern Berlin \u2013 Auf Balkon oder Terrasse sammeln sich im Winter oft viele Dinge an: Gartenm\u00f6bel, Sonnenschirm, leere Kisten oder Zeitungsstapel. Man plant, &#8230; <a title=\"Balkon vor Brand durch B\u00f6ller sch\u00fctzen..\" class=\"read-more\" href=\"https:\/\/feuerwehr-wesseling.de\/?p=676\" aria-label=\"Mehr Informationen \u00fcber Balkon vor Brand durch B\u00f6ller sch\u00fctzen..\">Weiterlesen<\/a><\/p>\n","protected":false},"author":1,"featured_media":620,"comment_status":"closed","ping_status":"open","sticky":false,"template":"","format":"standard","meta":{"_price":"","_stock":"","_tribe_ticket_header":"","_tribe_default_ticket_provider":"","_ticket_start_date":"","_ticket_end_date":"","_tribe_ticket_show_description":"","_tribe_ticket_show_not_going":false,"_tribe_ticket_use_global_stock":"","_tribe_ticket_global_stock_level":"","_global_stock_mode":"","_global_stock_cap":"","_tribe_rsvp_for_event":"","_tribe_ticket_going_count":"","_tribe_ticket_not_going_count":"","_tribe_tickets_list":"[]","_tribe_ticket_has_attendee_info_fields":false,"footnotes":""},"categories":[76],"tags":[],"class_list":["post-676","post","type-post","status-publish","format-standard","has-post-thumbnail","hentry","category-pressemitteilung-news"],"_links":{"self":[{"href":"https:\/\/feuerwehr-wesseling.de\/index.php?rest_route=\/wp\/v2\/posts\/676","targetHints":{"allow":["GET"]}}],"collection":[{"href":"https:\/\/feuerwehr-wesseling.de\/index.php?rest_route=\/wp\/v2\/posts"}],"about":[{"href":"https:\/\/feuerwehr-wesseling.de\/index.php?rest_route=\/wp\/v2\/types\/post"}],"author":[{"embeddable":true,"href":"https:\/\/feuerwehr-wesseling.de\/index.php?rest_route=\/wp\/v2\/users\/1"}],"replies":[{"embeddable":true,"href":"https:\/\/feuerwehr-wesseling.de\/index.php?rest_route=%2Fwp%2Fv2%2Fcomments&post=676"}],"version-history":[{"count":0,"href":"https:\/\/feuerwehr-wesseling.de\/index.php?rest_route=\/wp\/v2\/posts\/676\/revisions"}],"wp:featuredmedia":[{"embeddable":true,"href":"https:\/\/feuerwehr-wesseling.de\/index.php?rest_route=\/wp\/v2\/media\/620"}],"wp:attachment":[{"href":"https:\/\/feuerwehr-wesseling.de\/index.php?rest_route=%2Fwp%2Fv2%2Fmedia&parent=676"}],"wp:term":[{"taxonomy":"category","embeddable":true,"href":"https:\/\/feuerwehr-wesseling.de\/index.php?rest_route=%2Fwp%2Fv2%2Fcategories&post=676"},{"taxonomy":"post_tag","embeddable":true,"href":"https:\/\/feuerwehr-wesseling.de\/index.php?rest_route=%2Fwp%2Fv2%2Ftags&post=676"}],"curies":[{"name":"wp","href":"https:\/\/api.w.org\/{rel}","templated":true}]}}