{"id":679,"date":"2018-01-15T16:15:00","date_gmt":"2018-01-15T16:15:00","guid":{"rendered":"http:\/\/rettungsdienst-wesseling.de\/?p=679"},"modified":"2018-01-15T16:15:00","modified_gmt":"2018-01-15T16:15:00","slug":"wir-stellen-ein","status":"publish","type":"post","link":"https:\/\/feuerwehr-wesseling.de\/?p=679","title":{"rendered":"Wir stellen ein&#8230;&#8230;."},"content":{"rendered":"<p>Die Stadt Wesseling sucht zum n\u00e4chstm\u00f6glichen Zeitpunkt<img loading=\"lazy\" decoding=\"async\" class=\" alignright size-full wp-image-678\" src=\"http:\/\/rettungsdienst-wesseling.de\/wp-content\/uploads\/2018\/01\/logo_w.jpg\" alt=\"logo w\" width=\"250\" height=\"207\" style=\"margin: 10px; float: right;\" srcset=\"https:\/\/feuerwehr-wesseling.de\/wp-content\/uploads\/2018\/01\/logo_w.jpg 360w, https:\/\/feuerwehr-wesseling.de\/wp-content\/uploads\/2018\/01\/logo_w-300x248.jpg 300w, https:\/\/feuerwehr-wesseling.de\/wp-content\/uploads\/2018\/01\/logo_w-250x207.jpg 250w\" sizes=\"auto, (max-width: 250px) 100vw, 250px\" \/><\/p>\n<p><strong>Rettungssanit\u00e4ter(m\/w) und<\/strong><\/p>\n<p><strong>Rettungsassistenten (m\/w) <\/strong><\/p>\n<p>f\u00fcr den Einsatz im Rettungsdienst.<\/p>\n<p><strong>Ihre Aufgaben umfassen insbesondere:<\/strong><\/p>\n<ul>\n<li>Einsatz auf den bodengebundenen Rettungsmitteln KTW,RTW und NEF<\/li>\n<li>Einsatz im Wechselschichtsystem,<\/li>\n<li>Betreuung und Transport von Notfall- und Nichtnotfallpatienten,<\/li>\n<li>Wahrnehmung von Aufgaben im Bereich Rettungsdienst im Wachalltag und<\/li>\n<li>Teilnahme an Fortbildungen gem\u00e4\u00df gesetzlicher Vorgaben.<\/li>\n<\/ul>\n<p><strong>Ihr Profil:<\/strong><\/p>\n<ul>\n<li>Sie haben erfolgreich die Ausbildung zum staatlich gepr\u00fcften Rettungssanit\u00e4ter oder Rettungsassistenten abgeschlossen.<\/li>\n<li>Sie sind im Besitz der Erlaubnis zum F\u00fchren der entsprechenden Berufsbezeichnung (Berufsurkunde).<\/li>\n<li>Sie sind uneingeschr\u00e4nkt bereit, Einsatzdienst im Schichtmodell zu leisten.<\/li>\n<li>Sie sind serviceorientiert und b\u00fcrgerfreundlich.<\/li>\n<li>Sie sind teamf\u00e4hig und verf\u00fcgen \u00fcber Verantwortungsbewusstsein.<\/li>\n<li>Sie sind im Besitz der Fahrerlaubnis Klasse C1 oder Klasse 3.<\/li>\n<\/ul>\n<p><strong>Die Stellen:<\/strong><\/p>\n<ul>\n<li>werden je nach den pers\u00f6nlichen Voraussetzungen entsprechend der neuen Entgeltordnung zum TV\u00f6D f\u00fcr den Bereich der Kommunen nach der Entgeltgruppe 4 f\u00fcr Rettungssanit\u00e4ter und Entgeltgruppe 6 f\u00fcr Rettungsassistenten verg\u00fctet.<\/li>\n<li>Bei pers\u00f6nlicher und fachlicher Eignung wird innerhalb der Vertragslaufzeit die Weiterbildung zum Notfallsanit\u00e4ter im Rahmen einer Fortbildungsvereinbarung in Aussicht gestellt.<\/li>\n<\/ul>\n<p><strong>Ihre Bewerbung \/ weitere Ausk\u00fcnfte:<\/strong><\/p>\n<p>Ihre Bewerbung senden Sie bitte<\/p>\n<ul>\n<li>bevorzugt per E-Mail im Format PDF (max. 20 MB) an: <a href=\"mailto:bewerbungen@wesseling.de.\">bewerbungen@wesseling.de.<\/a> Bitte geben Sie im Betreff Ihrer Mail das Stichwort &#8222;Rettungsdienst&#8220;.<\/li>\n<li>Per Post an die:<br \/>Stadt Wesseling, Der B\u00fcrgermeister, Personalservice, 50387 Wesseling.<\/li>\n<\/ul>\n<p><strong>Weitere fachbezogene Ausk\u00fcnfte erteilt<\/strong><\/p>\n<p>Herr Andr\u00e9 Bach, Tel: 02236\/ 944015, E-Mail: <a href=\"mailto:abach@wesseling.de.\">abach@wesseling.de.<\/a><\/p>\n<p>Die Auswahlentscheidung erfolgt unter Beachtung der Bestimmungen des Landesgleichstellungsgesetzes NRW.<\/p>\n<p>&nbsp;<\/p>\n<p>&nbsp;<\/p>\n","protected":false},"excerpt":{"rendered":"<p>Die Stadt Wesseling sucht zum n\u00e4chstm\u00f6glichen Zeitpunkt Rettungssanit\u00e4ter(m\/w) und Rettungsassistenten (m\/w) f\u00fcr den Einsatz im Rettungsdienst. Ihre Aufgaben umfassen insbesondere: Einsatz auf den bodengebundenen Rettungsmitteln KTW,RTW und NEF Einsatz im &#8230; <a title=\"Wir stellen ein&#8230;&#8230;.\" class=\"read-more\" href=\"https:\/\/feuerwehr-wesseling.de\/?p=679\" aria-label=\"Mehr Informationen \u00fcber Wir stellen ein&#8230;&#8230;.\">Weiterlesen<\/a><\/p>\n","protected":false},"author":1,"featured_media":678,"comment_status":"closed","ping_status":"open","sticky":false,"template":"","format":"standard","meta":{"_price":"","_stock":"","_tribe_ticket_header":"","_tribe_default_ticket_provider":"","_ticket_start_date":"","_ticket_end_date":"","_tribe_ticket_show_description":"","_tribe_ticket_show_not_going":false,"_tribe_ticket_use_global_stock":"","_tribe_ticket_global_stock_level":"","_global_stock_mode":"","_global_stock_cap":"","_tribe_rsvp_for_event":"","_tribe_ticket_going_count":"","_tribe_ticket_not_going_count":"","_tribe_tickets_list":"[]","_tribe_ticket_has_attendee_info_fields":false,"footnotes":""},"categories":[76],"tags":[],"class_list":["post-679","post","type-post","status-publish","format-standard","has-post-thumbnail","hentry","category-pressemitteilung-news"],"_links":{"self":[{"href":"https:\/\/feuerwehr-wesseling.de\/index.php?rest_route=\/wp\/v2\/posts\/679","targetHints":{"allow":["GET"]}}],"collection":[{"href":"https:\/\/feuerwehr-wesseling.de\/index.php?rest_route=\/wp\/v2\/posts"}],"about":[{"href":"https:\/\/feuerwehr-wesseling.de\/index.php?rest_route=\/wp\/v2\/types\/post"}],"author":[{"embeddable":true,"href":"https:\/\/feuerwehr-wesseling.de\/index.php?rest_route=\/wp\/v2\/users\/1"}],"replies":[{"embeddable":true,"href":"https:\/\/feuerwehr-wesseling.de\/index.php?rest_route=%2Fwp%2Fv2%2Fcomments&post=679"}],"version-history":[{"count":0,"href":"https:\/\/feuerwehr-wesseling.de\/index.php?rest_route=\/wp\/v2\/posts\/679\/revisions"}],"wp:featuredmedia":[{"embeddable":true,"href":"https:\/\/feuerwehr-wesseling.de\/index.php?rest_route=\/wp\/v2\/media\/678"}],"wp:attachment":[{"href":"https:\/\/feuerwehr-wesseling.de\/index.php?rest_route=%2Fwp%2Fv2%2Fmedia&parent=679"}],"wp:term":[{"taxonomy":"category","embeddable":true,"href":"https:\/\/feuerwehr-wesseling.de\/index.php?rest_route=%2Fwp%2Fv2%2Fcategories&post=679"},{"taxonomy":"post_tag","embeddable":true,"href":"https:\/\/feuerwehr-wesseling.de\/index.php?rest_route=%2Fwp%2Fv2%2Ftags&post=679"}],"curies":[{"name":"wp","href":"https:\/\/api.w.org\/{rel}","templated":true}]}}