{"id":685,"date":"2018-08-24T14:59:21","date_gmt":"2018-08-24T14:59:21","guid":{"rendered":"http:\/\/rettungsdienst-wesseling.de\/?p=685"},"modified":"2018-08-24T14:59:21","modified_gmt":"2018-08-24T14:59:21","slug":"kurze-atempause-fuer-feuerwehrkraefte","status":"publish","type":"post","link":"https:\/\/feuerwehr-wesseling.de\/?p=685","title":{"rendered":"Kurze Atempause f\u00fcr Feuerwehrkr\u00e4fte"},"content":{"rendered":"<div class=\"teaser-text\">\n<p class=\"bodytext\"><img loading=\"lazy\" decoding=\"async\" class=\" alignleft size-full wp-image-659\" style=\"margin: 5px; float: left;\" src=\"http:\/\/rettungsdienst-wesseling.de\/wp-content\/uploads\/2017\/03\/12604704_1705428559741386_8186123959929140650_o.jpg\" alt=\"12604704 1705428559741386 8186123959929140650 o\" width=\"250\" height=\"188\" \/>Deutscher Feuerwehrverband dankt f\u00fcr Einsatzbereitschaft im Sommer<\/p>\n<\/p><\/div>\n<div class=\"news-text-wrap\">\n<p class=\"bodytext\"><b>Berlin <\/b>\u2013 Nicht nur die Natur ist von der monatelangen Hitze geschafft und freut sich auf eine kurze Atempause: \u201eWir danken den zahllosen Feuerwehrangeh\u00f6rigen, die in diesem Sommer mit gro\u00dfer Anstrengung die vielen Brandeins\u00e4tze in W\u00e4lder, Wiesen und Feldern bew\u00e4ltigt haben\u201c, erkl\u00e4rt Hartmut Ziebs, Pr\u00e4sident des Deutschen Feuerwehrverbandes (DFV). Der Verbandspr\u00e4sident wendet sich auch an die Familien und Arbeitgeber der zu 94 Prozent ehrenamtlichen Kr\u00e4fte: \u201eDer best\u00e4ndige Einsatz der knapp eine Million Feuerwehrm\u00e4nner und -frauen ist nur dadurch m\u00f6glich, dass das famili\u00e4re und berufliche Umfeld dieses Engagement unterst\u00fctzen\u201c, erkl\u00e4rt er. <\/p>\n<p>  <!--more-->  <\/p>\n<p class=\"bodytext\">Teilweise haben bereits sinkende Temperaturen dazu beigetragen, die Einsatzzahlen bei Br\u00e4nden zu minimieren. \u201eN\u00f6tig ist nun allerdings ein mehrt\u00e4giger, sanfter Regen, der tief in die ausgetrockneten Bodenschichten und den Bewuchs eindringen kann\u201c, berichtet der DFV-Pr\u00e4sident. Ein heftiges Unwetter auf ausged\u00f6rrtem Untergrund k\u00f6nne schnell zu Sturzb\u00e4chen f\u00fchren, da die Natur den Regen nicht aufnehmen k\u00f6nne. <\/p>\n<p>\u201eWichtig ist jedoch auch weiterhin, dass sich die Menschen in der Natur aufmerksam verhalten, keine Br\u00e4nde fahrl\u00e4ssig oder gar vors\u00e4tzlich verursachen und bemerkte Schadfeuer unverz\u00fcglich melden\u201c, appelliert der DFV-Pr\u00e4sident.<\/p>\n<p>Quelle: Deutscher Feuerwehr Verband<\/p>\n<\/p><\/div>\n","protected":false},"excerpt":{"rendered":"<p>Deutscher Feuerwehrverband dankt f\u00fcr Einsatzbereitschaft im Sommer Berlin \u2013 Nicht nur die Natur ist von der monatelangen Hitze geschafft und freut sich auf eine kurze Atempause: \u201eWir danken den zahllosen &#8230; <a title=\"Kurze Atempause f\u00fcr Feuerwehrkr\u00e4fte\" class=\"read-more\" href=\"https:\/\/feuerwehr-wesseling.de\/?p=685\" aria-label=\"Mehr Informationen \u00fcber Kurze Atempause f\u00fcr Feuerwehrkr\u00e4fte\">Weiterlesen<\/a><\/p>\n","protected":false},"author":1,"featured_media":659,"comment_status":"closed","ping_status":"open","sticky":false,"template":"","format":"standard","meta":{"_price":"","_stock":"","_tribe_ticket_header":"","_tribe_default_ticket_provider":"","_ticket_start_date":"","_ticket_end_date":"","_tribe_ticket_show_description":"","_tribe_ticket_show_not_going":false,"_tribe_ticket_use_global_stock":"","_tribe_ticket_global_stock_level":"","_global_stock_mode":"","_global_stock_cap":"","_tribe_rsvp_for_event":"","_tribe_ticket_going_count":"","_tribe_ticket_not_going_count":"","_tribe_tickets_list":"[]","_tribe_ticket_has_attendee_info_fields":false,"footnotes":""},"categories":[76],"tags":[],"class_list":["post-685","post","type-post","status-publish","format-standard","has-post-thumbnail","hentry","category-pressemitteilung-news"],"_links":{"self":[{"href":"https:\/\/feuerwehr-wesseling.de\/index.php?rest_route=\/wp\/v2\/posts\/685","targetHints":{"allow":["GET"]}}],"collection":[{"href":"https:\/\/feuerwehr-wesseling.de\/index.php?rest_route=\/wp\/v2\/posts"}],"about":[{"href":"https:\/\/feuerwehr-wesseling.de\/index.php?rest_route=\/wp\/v2\/types\/post"}],"author":[{"embeddable":true,"href":"https:\/\/feuerwehr-wesseling.de\/index.php?rest_route=\/wp\/v2\/users\/1"}],"replies":[{"embeddable":true,"href":"https:\/\/feuerwehr-wesseling.de\/index.php?rest_route=%2Fwp%2Fv2%2Fcomments&post=685"}],"version-history":[{"count":0,"href":"https:\/\/feuerwehr-wesseling.de\/index.php?rest_route=\/wp\/v2\/posts\/685\/revisions"}],"wp:featuredmedia":[{"embeddable":true,"href":"https:\/\/feuerwehr-wesseling.de\/index.php?rest_route=\/wp\/v2\/media\/659"}],"wp:attachment":[{"href":"https:\/\/feuerwehr-wesseling.de\/index.php?rest_route=%2Fwp%2Fv2%2Fmedia&parent=685"}],"wp:term":[{"taxonomy":"category","embeddable":true,"href":"https:\/\/feuerwehr-wesseling.de\/index.php?rest_route=%2Fwp%2Fv2%2Fcategories&post=685"},{"taxonomy":"post_tag","embeddable":true,"href":"https:\/\/feuerwehr-wesseling.de\/index.php?rest_route=%2Fwp%2Fv2%2Ftags&post=685"}],"curies":[{"name":"wp","href":"https:\/\/api.w.org\/{rel}","templated":true}]}}