{"id":690,"date":"2018-10-29T21:11:33","date_gmt":"2018-10-29T21:11:33","guid":{"rendered":"http:\/\/rettungsdienst-wesseling.de\/?p=690"},"modified":"2018-10-29T21:11:33","modified_gmt":"2018-10-29T21:11:33","slug":"ein-dank-an-die-frueheste-lebendigste-und-mutigste-buergerinitiative","status":"publish","type":"post","link":"https:\/\/feuerwehr-wesseling.de\/?p=690","title":{"rendered":"Ein Dank an die \u201efr\u00fcheste, lebendigste und mutigste B\u00fcrgerinitiative\u201c"},"content":{"rendered":"<p><strong><img loading=\"lazy\" decoding=\"async\" class=\" alignleft size-full wp-image-689\" style=\"margin: 5px; float: left;\" src=\"http:\/\/rettungsdienst-wesseling.de\/wp-content\/uploads\/2018\/10\/43283495_1645898372188356_4016266365651386368_n.jpg\" alt=\"43283495 1645898372188356 4016266365651386368 n\" width=\"250\" height=\"167\" srcset=\"https:\/\/feuerwehr-wesseling.de\/wp-content\/uploads\/2018\/10\/43283495_1645898372188356_4016266365651386368_n.jpg 960w, https:\/\/feuerwehr-wesseling.de\/wp-content\/uploads\/2018\/10\/43283495_1645898372188356_4016266365651386368_n-300x200.jpg 300w, https:\/\/feuerwehr-wesseling.de\/wp-content\/uploads\/2018\/10\/43283495_1645898372188356_4016266365651386368_n-250x167.jpg 250w, https:\/\/feuerwehr-wesseling.de\/wp-content\/uploads\/2018\/10\/43283495_1645898372188356_4016266365651386368_n-768x512.jpg 768w, https:\/\/feuerwehr-wesseling.de\/wp-content\/uploads\/2018\/10\/43283495_1645898372188356_4016266365651386368_n-420x280.jpg 420w\" sizes=\"auto, (max-width: 250px) 100vw, 250px\" \/>Jubilarenehrung der Feuerwehr Wesseling im Rheinforum<\/strong><\/p>\n<p>Wesseling. (wpd\/wa\/ad) \u201eIhr seid immer da, wenn wir Euch brauchen, ehrenamtlich, 24 Stunden am Tag, 365 Tage im Jahr, stets unter Zur\u00fcckstellung pers\u00f6nlicher Interessen.\u201c Dieses Engagement der freiwilligen Feuerwehrfrauen und Feuerwehrm\u00e4nner, die \u00dcbernahme von Verantwortung f\u00fcr in Not geratene Mitmenschen zu jeder Tages- oder Nachtzeit, hob B\u00fcrgermeister Erwin Esser bei der traditionellen Jubilaren &#8211; Ehrung der Feuerwehr Wesseling im Rheinforum mit Hochachtung hervor. Viele Mitmenschen, so der B\u00fcrgermeister, w\u00fcssten nicht, dass alleine in Wesseling rund 160 Feuerwehrleute ehrenamtlich t\u00e4tig seien. Esser erinnerte daran, dass der ehemalige Bundespr\u00e4sident Richard von Weizs\u00e4cker die Feuerwehren einmal als die \u201efr\u00fcheste, lebendigste und mutigste B\u00fcrgerinitiative\u201c bezeichnet habe.<\/p>\n<p>  <!--more-->  <\/p>\n<p>7835 Eins\u00e4tze hatte die Wesselinger Wehr im letzten Jahr im Feuer-und Rettungsdienst zu bew\u00e4ltigen, das sind rund 22 Eins\u00e4tze pro Tag.<\/p>\n<p>Der besondere Dank des B\u00fcrgermeisters ging in diesem Jahr an die Jugendfeuerwehr Wesseling, die ihr 50j\u00e4hriges Bestehen feiert. Auch dieses ehrenamtliche Engagement von jungen Menschen, die gro\u00dfe Teile ihrer Freizeit daf\u00fcr opferten, um sich f\u00fcr das Wohl und die Sicherheit ihrer Mitmenschen ausbilden zu lassen, sei nicht als selbstverst\u00e4ndlich anzusehen. Zu danken sei aber auch den Betreuern und Ausbildern, die sich \u201emit Herzblut und Unerm\u00fcdlichkeit\u201c f\u00fcr den Nachwuchs einsetzen w\u00fcrden, betonte der B\u00fcrgermeister: \u201eF\u00fcr die Zukunft erhoffe ich mir, dass die Jugendfeuerwehr auch weiterhin aktiv bleibt und den Grundstein f\u00fcr eine starke Feuerwehrgemeinschaft in unserer Stadt legt.\u201c<\/p>\n<p>Dies unterstrich auch Wehrleiter Andr\u00e9 Bach: \u201eIch bin stolz, solch eine starke und gute Nachwuchsgruppe zu haben. Sie verdient die besondere Unterst\u00fctzung\u201c. Er w\u00fcnschte den Mitgliedern der Jugendfeuerwehr, dass das \u201eHelfen wollen\u201c und \u201eHelfen k\u00f6nnen\u201c auch zuk\u00fcnftig bei ihnen lebendig bleibe.<\/p>\n<p>Die Basis einer solch erfolgreichen Arbeit sei Vertrauen, Kameradschaft und ein verl\u00e4ssliches Miteinander \u2013 sowie die Kooperation der verschiedenen Generationen, betonte der B\u00fcrgermeister bei der Ehrung langj\u00e4hriger Mitglieder der Feuerwehr Wesseling.<\/p>\n<p>Das silberne Ehrenkreuz f\u00fcr 25 j\u00e4hrigen Dienst ging an Kai Po\u00dfekel, Klaus Triebel und Frank Engels, das goldene Ehrenkreuz f\u00fcr 35 Jahre an Thomas Grundmann. F\u00fcr die 50 j\u00e4hrige Mitgliedschaft erhielten Dieter Gronenborn, Stefan Kaes, Wilhelm Koch und Rainer Lenders die Ehrennadel, ebenso wurde f\u00fcr seine 70 j\u00e4hrige Mitgliedschaft Peter Schunk besonders ausgezeichnet.<\/p>\n<p>Weiterhin erhielten Marc Bobowk die Ehrennadel der Jugendfeuerwehr in Bronze und Markus Lucke die Ehrennadel der Jugendfeuerwehr in Gold f\u00fcr ihr Engagement und ihren Einsatz beim Feuerwehr-Nachwuchs. Zudem wurde Marco Lucke zum Jugendfeuerwehrwart ernannt.<\/p>\n","protected":false},"excerpt":{"rendered":"<p>Jubilarenehrung der Feuerwehr Wesseling im Rheinforum Wesseling. (wpd\/wa\/ad) \u201eIhr seid immer da, wenn wir Euch brauchen, ehrenamtlich, 24 Stunden am Tag, 365 Tage im Jahr, stets unter Zur\u00fcckstellung pers\u00f6nlicher Interessen.\u201c &#8230; <a title=\"Ein Dank an die \u201efr\u00fcheste, lebendigste und mutigste B\u00fcrgerinitiative\u201c\" class=\"read-more\" href=\"https:\/\/feuerwehr-wesseling.de\/?p=690\" aria-label=\"Mehr Informationen \u00fcber Ein Dank an die \u201efr\u00fcheste, lebendigste und mutigste B\u00fcrgerinitiative\u201c\">Weiterlesen<\/a><\/p>\n","protected":false},"author":1,"featured_media":689,"comment_status":"closed","ping_status":"open","sticky":false,"template":"","format":"standard","meta":{"_price":"","_stock":"","_tribe_ticket_header":"","_tribe_default_ticket_provider":"","_ticket_start_date":"","_ticket_end_date":"","_tribe_ticket_show_description":"","_tribe_ticket_show_not_going":false,"_tribe_ticket_use_global_stock":"","_tribe_ticket_global_stock_level":"","_global_stock_mode":"","_global_stock_cap":"","_tribe_rsvp_for_event":"","_tribe_ticket_going_count":"","_tribe_ticket_not_going_count":"","_tribe_tickets_list":"[]","_tribe_ticket_has_attendee_info_fields":false,"footnotes":""},"categories":[76],"tags":[],"class_list":["post-690","post","type-post","status-publish","format-standard","has-post-thumbnail","hentry","category-pressemitteilung-news"],"_links":{"self":[{"href":"https:\/\/feuerwehr-wesseling.de\/index.php?rest_route=\/wp\/v2\/posts\/690","targetHints":{"allow":["GET"]}}],"collection":[{"href":"https:\/\/feuerwehr-wesseling.de\/index.php?rest_route=\/wp\/v2\/posts"}],"about":[{"href":"https:\/\/feuerwehr-wesseling.de\/index.php?rest_route=\/wp\/v2\/types\/post"}],"author":[{"embeddable":true,"href":"https:\/\/feuerwehr-wesseling.de\/index.php?rest_route=\/wp\/v2\/users\/1"}],"replies":[{"embeddable":true,"href":"https:\/\/feuerwehr-wesseling.de\/index.php?rest_route=%2Fwp%2Fv2%2Fcomments&post=690"}],"version-history":[{"count":0,"href":"https:\/\/feuerwehr-wesseling.de\/index.php?rest_route=\/wp\/v2\/posts\/690\/revisions"}],"wp:featuredmedia":[{"embeddable":true,"href":"https:\/\/feuerwehr-wesseling.de\/index.php?rest_route=\/wp\/v2\/media\/689"}],"wp:attachment":[{"href":"https:\/\/feuerwehr-wesseling.de\/index.php?rest_route=%2Fwp%2Fv2%2Fmedia&parent=690"}],"wp:term":[{"taxonomy":"category","embeddable":true,"href":"https:\/\/feuerwehr-wesseling.de\/index.php?rest_route=%2Fwp%2Fv2%2Fcategories&post=690"},{"taxonomy":"post_tag","embeddable":true,"href":"https:\/\/feuerwehr-wesseling.de\/index.php?rest_route=%2Fwp%2Fv2%2Ftags&post=690"}],"curies":[{"name":"wp","href":"https:\/\/api.w.org\/{rel}","templated":true}]}}