{"id":692,"date":"2018-12-27T14:25:41","date_gmt":"2018-12-27T14:25:41","guid":{"rendered":"http:\/\/rettungsdienst-wesseling.de\/?p=692"},"modified":"2018-12-27T14:25:41","modified_gmt":"2018-12-27T14:25:41","slug":"balkon-vor-brand-durch-silvesterboeller-schuetzen","status":"publish","type":"post","link":"https:\/\/feuerwehr-wesseling.de\/?p=692","title":{"rendered":"Balkon vor Brand durch Silvesterb\u00f6ller sch\u00fctzen"},"content":{"rendered":"<div class=\"teaser-text\">\n<p class=\"bodytext\"><img loading=\"lazy\" decoding=\"async\" class=\" alignleft size-full wp-image-659\" style=\"margin: 5px; float: left;\" src=\"http:\/\/rettungsdienst-wesseling.de\/wp-content\/uploads\/2017\/03\/12604704_1705428559741386_8186123959929140650_o.jpg\" alt=\"12604704 1705428559741386 8186123959929140650 o\" width=\"250\" height=\"188\" \/><\/p>\n<\/p><\/div>\n<div class=\"news-text-wrap\">\n<p class=\"bodytext\">Auf Balkon oder Terrasse sammeln sich im Winter oft viele Dinge an: Gartenm\u00f6bel, Sonnenschirm, leere Kisten oder Zeitungsstapel. Man plant, sie beim Fr\u00fchjahrsputz zu entsorgen oder im Sommer wieder in den Garten zu stellen \u2013 doch vor allem an Silvester ist dieses Ger\u00fcmpel gef\u00e4hrlich. \u201eWenn Balkon oder Terrasse vollgestellt sind, erh\u00f6ht sich damit die Brandlast ungemein\u201c, warnt Frank Hachemer, Vizepr\u00e4sident des Deutschen Feuerwehrverbands (DFV). <\/p>\n<p>  <!--more-->  <\/p>\n<p class=\"bodytext\">Vor allem leicht entz\u00fcndliche Materialien wie Papier oder der ausgetrocknete Weihnachtsbaum sollten in der Silvesternacht nicht drau\u00dfen gelagert werden: \u201eSie k\u00f6nnten durch einen fehlgeleiteten \u2013 oder gar gezielt abgeschossenen \u2013 B\u00f6ller in Brand gesetzt werden. Ein solcherart angefachtes Feuer kann sich unter Umst\u00e4nden auch in die Wohnung ausbreiten\u201c, erkl\u00e4rt Hachemer. <\/p>\n<p>Daher r\u00e4t der Brandschutzexperte, die Wohnung in der Silvesternacht vor Brandgefahren zu sch\u00fctzen: \u201eEntfernen Sie M\u00f6bel, Hausrat und andere brennbaren Gegenst\u00e4nde von Balkonen, Terrassen und aus Hauseing\u00e4ngen. Halten Sie Fenster und T\u00fcren geschlossen.\u201c Wenn der Balkon doch brennt, sollte man nur dann versuchen, das Feuer zu l\u00f6schen, wenn dies ohne Eigengef\u00e4hrdung m\u00f6glich ist. Ansonsten gilt: T\u00fcren schlie\u00dfen, mit allen Personen die Wohnung verlassen und die Feuerwehr \u00fcber den kostenfreien Notruf 112 alarmieren<\/p>\n<\/p><\/div>\n","protected":false},"excerpt":{"rendered":"<p>Auf Balkon oder Terrasse sammeln sich im Winter oft viele Dinge an: Gartenm\u00f6bel, Sonnenschirm, leere Kisten oder Zeitungsstapel. Man plant, sie beim Fr\u00fchjahrsputz zu entsorgen oder im Sommer wieder in &#8230; <a title=\"Balkon vor Brand durch Silvesterb\u00f6ller sch\u00fctzen\" class=\"read-more\" href=\"https:\/\/feuerwehr-wesseling.de\/?p=692\" aria-label=\"Mehr Informationen \u00fcber Balkon vor Brand durch Silvesterb\u00f6ller sch\u00fctzen\">Weiterlesen<\/a><\/p>\n","protected":false},"author":1,"featured_media":659,"comment_status":"closed","ping_status":"open","sticky":false,"template":"","format":"standard","meta":{"_price":"","_stock":"","_tribe_ticket_header":"","_tribe_default_ticket_provider":"","_ticket_start_date":"","_ticket_end_date":"","_tribe_ticket_show_description":"","_tribe_ticket_show_not_going":false,"_tribe_ticket_use_global_stock":"","_tribe_ticket_global_stock_level":"","_global_stock_mode":"","_global_stock_cap":"","_tribe_rsvp_for_event":"","_tribe_ticket_going_count":"","_tribe_ticket_not_going_count":"","_tribe_tickets_list":"[]","_tribe_ticket_has_attendee_info_fields":false,"footnotes":""},"categories":[76],"tags":[],"class_list":["post-692","post","type-post","status-publish","format-standard","has-post-thumbnail","hentry","category-pressemitteilung-news"],"_links":{"self":[{"href":"https:\/\/feuerwehr-wesseling.de\/index.php?rest_route=\/wp\/v2\/posts\/692","targetHints":{"allow":["GET"]}}],"collection":[{"href":"https:\/\/feuerwehr-wesseling.de\/index.php?rest_route=\/wp\/v2\/posts"}],"about":[{"href":"https:\/\/feuerwehr-wesseling.de\/index.php?rest_route=\/wp\/v2\/types\/post"}],"author":[{"embeddable":true,"href":"https:\/\/feuerwehr-wesseling.de\/index.php?rest_route=\/wp\/v2\/users\/1"}],"replies":[{"embeddable":true,"href":"https:\/\/feuerwehr-wesseling.de\/index.php?rest_route=%2Fwp%2Fv2%2Fcomments&post=692"}],"version-history":[{"count":0,"href":"https:\/\/feuerwehr-wesseling.de\/index.php?rest_route=\/wp\/v2\/posts\/692\/revisions"}],"wp:featuredmedia":[{"embeddable":true,"href":"https:\/\/feuerwehr-wesseling.de\/index.php?rest_route=\/wp\/v2\/media\/659"}],"wp:attachment":[{"href":"https:\/\/feuerwehr-wesseling.de\/index.php?rest_route=%2Fwp%2Fv2%2Fmedia&parent=692"}],"wp:term":[{"taxonomy":"category","embeddable":true,"href":"https:\/\/feuerwehr-wesseling.de\/index.php?rest_route=%2Fwp%2Fv2%2Fcategories&post=692"},{"taxonomy":"post_tag","embeddable":true,"href":"https:\/\/feuerwehr-wesseling.de\/index.php?rest_route=%2Fwp%2Fv2%2Ftags&post=692"}],"curies":[{"name":"wp","href":"https:\/\/api.w.org\/{rel}","templated":true}]}}